{"id":998,"date":"2022-09-26T13:00:11","date_gmt":"2022-09-26T13:00:11","guid":{"rendered":"https:\/\/rec-line.com\/blog\/?p=998"},"modified":"2022-09-28T08:16:18","modified_gmt":"2022-09-28T08:16:18","slug":"rec-line-cumple-20-anos","status":"publish","type":"post","link":"https:\/\/rec-line.com\/blog\/rec-line-cumple-20-anos\/","title":{"rendered":"Rec Line cumple 20 a\u00f1os"},"content":{"rendered":"\n<p>Hablamos con Pedro Mart\u00ednez, gerente y fundador de la empresa de consumibles Rec Line.<\/p>\n\n\n\n<h2 class=\"wp-block-heading\">\u00bfC\u00f3mo naci\u00f3 Rec Line? \u00bfC\u00f3mo se te ocurri\u00f3 la idea?<\/h2>\n\n\n\n<p>En septiembre de 2002, con unas instalaciones muy modestas comenzamos a distribuir solo en la Regi\u00f3n de Murcia. En tan solo unos meses ten\u00edamos demanda desde otros puntos de Espa\u00f1a y comenzamos la distribuci\u00f3n nacional.<\/p>\n\n\n\n<h2 class=\"wp-block-heading\">\u00bfQu\u00e9 ten\u00eda de especial Rec Line?<\/h2>\n\n\n\n<p>Fuimos pioneros en la creaci\u00f3n de marca propia en Espa\u00f1a en el sector del consumible.&nbsp;<\/p>\n\n\n\n<p>Muy pocas empresas apostaron por los cartuchos reciclados, un compromiso que, junto con el buen hacer, nos ha convertido en una de las principales marcas a nivel nacional en consumibles.<\/p>\n\n\n<div class=\"wp-block-image\">\n<figure class=\"alignright size-large is-resized\"><img fetchpriority=\"high\" decoding=\"async\" src=\"https:\/\/rec-line.com\/blog\/wp-content\/uploads\/2022\/09\/ceo_recline-445x1024.jpg\" alt=\"pedro martinez en rec line\" class=\"wp-image-1001\" width=\"223\" height=\"512\" srcset=\"https:\/\/rec-line.com\/blog\/wp-content\/uploads\/2022\/09\/ceo_recline-445x1024.jpg 445w, https:\/\/rec-line.com\/blog\/wp-content\/uploads\/2022\/09\/ceo_recline-768x1766.jpg 768w, https:\/\/rec-line.com\/blog\/wp-content\/uploads\/2022\/09\/ceo_recline-668x1536.jpg 668w, https:\/\/rec-line.com\/blog\/wp-content\/uploads\/2022\/09\/ceo_recline-890x2048.jpg 890w, https:\/\/rec-line.com\/blog\/wp-content\/uploads\/2022\/09\/ceo_recline-scaled.jpg 1113w\" sizes=\"(max-width: 223px) 100vw, 223px\" \/><\/figure>\n<\/div>\n\n\n<h2 class=\"wp-block-heading\">\u00bfC\u00f3mo ha conseguido Rec Line esa red de distribuidores?<\/h2>\n\n\n\n<p>Cuando crees en lo que haces y est\u00e1s comprometido con la sociedad para crear empleo desde nuestra empresa, ayudando a crear puntos de venta con nuestras franquicias y que otros puntos asociados puedan ofrecer producto de calidad a buen precio, con total garant\u00eda.<\/p>\n\n\n\n<p>Como en todos los sectores hay puntos de venta que aparecen en el momento justo en el lugar concreto y logran un crecimiento espectacular y otros, que lamentablemente no supieron adaptarse y no consiguieron ese \u00e9xito.<\/p>\n\n\n\n<h2 class=\"wp-block-heading\">\u00bfCu\u00e1l es tu mayor orgullo como CEO?<\/h2>\n\n\n\n<p>Orgullo de los niveles de facturaci\u00f3n, parecen indicar que estamos en el camino correcto. Contamos con un equipo estable y s\u00f3lido lo cual ayuda a la confianza de nuestros clientes pues mantienen relaciones durante a\u00f1os con el mismo comercial. Conseguir este \u00e9xito desde Totana, lejos de los grandes centros de tecnolog\u00eda demuestra que con un buen producto y un buen equipo el \u00fanico l\u00edmite es el cielo.<\/p>\n\n\n\n<h2 class=\"wp-block-heading\">\u00bfPor qu\u00e9 la impresi\u00f3n inteligente?<\/h2>\n\n\n\n<p>Nos diferenciamos en el producto de calidad, desarrollado para que ofrezca las m\u00e1ximas prestaciones, un producto que naci\u00f3 bajo la premisa de \u201cLa impresi\u00f3n inteligente\u201d y esta frase se convirti\u00f3 en nuestro slogan.<\/p>\n\n\n\n<p>Conseguimos crear productos de calidad, a un precio muy asequible.&nbsp;<\/p>\n\n\n\n<h2 class=\"wp-block-heading\">\u00bfC\u00f3mo ves el futuro en el sector del consumible?<\/h2>\n\n\n\n<p>Estamos en un sector en constante cambio, los sistemas de impresi\u00f3n se puede ver afectados por la digitalizaci\u00f3n y las nuevas tecnolog\u00edas. En los \u00faltimos 10 a\u00f1os se ha hablado mucho sobre la ca\u00edda del sector de la impresi\u00f3n dom\u00e9stica y de empresas pero todav\u00eda necesitamos como sociedad la impresi\u00f3n como la conocemos. Con las nuevas tecnolog\u00edas tendremos que adaptarnos ya que si facilitan nuestro trabajo ser\u00e1n bienvenidas.&nbsp;<\/p>\n\n\n\n<p>Pensemos en la ventaja que ha supuesto la llegada del WiFi, las impresoras bluetooth de bolsillo, los TPV inal\u00e1mbricos o incluso las impresoras fotogr\u00e1ficas de bolsillo.<\/p>\n\n\n\n<h2 class=\"wp-block-heading\">\u00bfC\u00f3mo ves el futuro de Rec Line?&nbsp;<\/h2>\n\n\n\n<p>En Rec Line estamos a la \u00faltima en los nuevos sistemas de impresi\u00f3n para no quedarnos atr\u00e1s y ofrecer lo mejor a nuestros clientes, queremos seguir creciendo.&nbsp;<\/p>\n\n\n\n<p>Ahora contamos con unas instalaciones de mas de 1500 m2&nbsp; de almacenamiento&nbsp; trabajando con sistema de almacenamiento a 7 metros de altura y estamos tan entusiasmados con este proyecto como el primer d\u00eda. <\/p>\n\n\n\n<p>Queremos que nuestros clientes puedan renovarse y acompa\u00f1arlos en su crecimiento. Formamos a nuestro equipo para que el trato personalizado siga siendo uno de nuestros puntos fuertes. Si un cliente tiene un problema sabe que le atendemos por tel\u00e9fono para dar soluci\u00f3n lo antes posible.&nbsp;<\/p>\n\n\n\n<h2 class=\"wp-block-heading\">Si volvieras a empezar \u00bfQu\u00e9 cambiar\u00edas?<\/h2>\n\n\n\n<p>Nada, he cometido muchos errores en los inicios pero soy una persona que cuando se equivoca intenta mejorar de todos los errores . Estoy muy orgulloso del proyecto que cre\u00e9, quiero que siga creciendo y es bonito ver c\u00f3mo estamos ayudando a m\u00e1s de 700 puntos de venta a hacer m\u00e1s rentables sus negocios. <\/p>\n\n\n\n<p>De cada fallo he sacado un aprendizaje que me ha ayudado a seguir mejorando la empresa, como gerente y a que los miembros del equipo est\u00e9n comprometidos con su trabajo. <\/p>\n\n\n\n<h2 class=\"wp-block-heading\">Alg\u00fan consejo que podr\u00edas darle a quien est\u00e1 empezando.<\/h2>\n\n\n\n<p>Dedicaci\u00f3n, controlar los gastos, los m\u00e1rgenes, elegir producto de calidad y cuidar al cliente. A\u00f1adir\u00eda que es importante dejarse asesorar, escuchar a quien ya ha recorrido ese camino para aprender de su experiencia.&nbsp;<\/p>\n\n\n\n<figure class=\"wp-block-image size-large\"><img decoding=\"async\" width=\"1024\" height=\"682\" src=\"https:\/\/rec-line.com\/blog\/wp-content\/uploads\/2022\/09\/pedro-martinez-1024x682.jpg\" alt=\"\" class=\"wp-image-1009\" srcset=\"https:\/\/rec-line.com\/blog\/wp-content\/uploads\/2022\/09\/pedro-martinez-1024x682.jpg 1024w, https:\/\/rec-line.com\/blog\/wp-content\/uploads\/2022\/09\/pedro-martinez-300x200.jpg 300w, https:\/\/rec-line.com\/blog\/wp-content\/uploads\/2022\/09\/pedro-martinez-768x512.jpg 768w, https:\/\/rec-line.com\/blog\/wp-content\/uploads\/2022\/09\/pedro-martinez-1536x1023.jpg 1536w, https:\/\/rec-line.com\/blog\/wp-content\/uploads\/2022\/09\/pedro-martinez-2048x1364.jpg 2048w, https:\/\/rec-line.com\/blog\/wp-content\/uploads\/2022\/09\/pedro-martinez-360x240.jpg 360w\" sizes=\"(max-width: 1024px) 100vw, 1024px\" \/><\/figure>\n\n\n\n<h2 class=\"wp-block-heading\">Sobre Pedro<\/h2>\n\n\n\n<ul class=\"wp-block-list\"><li>Pedro, naci\u00f3 en 1978 y fund\u00f3 la empresa con 24 a\u00f1os<\/li><li>Una afici\u00f3n:&nbsp; apasionado del ciclismo<\/li><li>Una pasi\u00f3n: la familia<\/li><li>Una canci\u00f3n\/grupo de m\u00fasica: no suele escuchar m\u00fasica.<\/li><li>Una frase: Solo fracasan los que no lo intentan.&nbsp;<\/li><\/ul>\n","protected":false},"excerpt":{"rendered":"<p>Hablamos con Pedro Mart\u00ednez, gerente y fundador de la empresa de consumibles Rec Line. \u00bfC\u00f3mo naci\u00f3 Rec Line? \u00bfC\u00f3mo se te ocurri\u00f3 la idea? En septiembre de 2002, con unas instalaciones muy modestas comenzamos a distribuir solo en la Regi\u00f3n de Murcia. En tan solo unos meses ten\u00edamos demanda desde [&hellip;]<\/p>\n","protected":false},"author":1,"featured_media":1000,"comment_status":"open","ping_status":"open","sticky":false,"template":"","format":"standard","meta":{"footnotes":""},"categories":[1],"tags":[],"class_list":["post-998","post","type-post","status-publish","format-standard","has-post-thumbnail","hentry","category-rec-line"],"yoast_head":"<!-- This site is optimized with the Yoast SEO plugin v27.4 - https:\/\/yoast.com\/product\/yoast-seo-wordpress\/ -->\n<title>Rec Line cumple 20 a\u00f1os - Rec Line<\/title>\n<meta name=\"robots\" content=\"index, follow, max-snippet:-1, max-image-preview:large, max-video-preview:-1\" \/>\n<link rel=\"canonical\" href=\"https:\/\/rec-line.com\/blog\/rec-line-cumple-20-anos\/\" \/>\n<meta property=\"og:locale\" content=\"es_ES\" \/>\n<meta property=\"og:type\" content=\"article\" \/>\n<meta property=\"og:title\" content=\"Rec Line cumple 20 a\u00f1os - Rec Line\" \/>\n<meta property=\"og:description\" content=\"Hablamos con Pedro Mart\u00ednez, gerente y fundador de la empresa de consumibles Rec Line. \u00bfC\u00f3mo naci\u00f3 Rec Line? \u00bfC\u00f3mo se te ocurri\u00f3 la idea? En septiembre de 2002, con unas instalaciones muy modestas comenzamos a distribuir solo en la Regi\u00f3n de Murcia. En tan solo unos meses ten\u00edamos demanda desde [&hellip;]\" \/>\n<meta property=\"og:url\" content=\"https:\/\/rec-line.com\/blog\/rec-line-cumple-20-anos\/\" \/>\n<meta property=\"og:site_name\" content=\"Rec Line\" \/>\n<meta property=\"article:publisher\" content=\"https:\/\/www.facebook.com\/reclineespana\/\" \/>\n<meta property=\"article:published_time\" content=\"2022-09-26T13:00:11+00:00\" \/>\n<meta property=\"article:modified_time\" content=\"2022-09-28T08:16:18+00:00\" \/>\n<meta property=\"og:image\" content=\"https:\/\/rec-line.com\/blog\/wp-content\/uploads\/2022\/09\/fachada-rec-line-2-e1663574500563.jpg\" \/>\n\t<meta property=\"og:image:width\" content=\"1080\" \/>\n\t<meta property=\"og:image:height\" content=\"608\" \/>\n\t<meta property=\"og:image:type\" content=\"image\/jpeg\" \/>\n<meta name=\"author\" content=\"Rec-Line\" \/>\n<meta name=\"twitter:card\" content=\"summary_large_image\" \/>\n<meta name=\"twitter:creator\" content=\"@Rec_line\" \/>\n<meta name=\"twitter:site\" content=\"@Rec_line\" \/>\n<meta name=\"twitter:label1\" content=\"Escrito por\" \/>\n\t<meta name=\"twitter:data1\" content=\"Rec-Line\" \/>\n\t<meta name=\"twitter:label2\" content=\"Tiempo de lectura\" \/>\n\t<meta name=\"twitter:data2\" content=\"4 minutos\" \/>\n<script type=\"application\/ld+json\" class=\"yoast-schema-graph\">{\"@context\":\"https:\\\/\\\/schema.org\",\"@graph\":[{\"@type\":\"Article\",\"@id\":\"https:\\\/\\\/rec-line.com\\\/blog\\\/rec-line-cumple-20-anos\\\/#article\",\"isPartOf\":{\"@id\":\"https:\\\/\\\/rec-line.com\\\/blog\\\/rec-line-cumple-20-anos\\\/\"},\"author\":{\"name\":\"Rec-Line\",\"@id\":\"https:\\\/\\\/rec-line.com\\\/blog\\\/#\\\/schema\\\/person\\\/051c7981cfdc7794bdecf0fba3ab7999\"},\"headline\":\"Rec Line cumple 20 a\u00f1os\",\"datePublished\":\"2022-09-26T13:00:11+00:00\",\"dateModified\":\"2022-09-28T08:16:18+00:00\",\"mainEntityOfPage\":{\"@id\":\"https:\\\/\\\/rec-line.com\\\/blog\\\/rec-line-cumple-20-anos\\\/\"},\"wordCount\":775,\"commentCount\":0,\"publisher\":{\"@id\":\"https:\\\/\\\/rec-line.com\\\/blog\\\/#organization\"},\"image\":{\"@id\":\"https:\\\/\\\/rec-line.com\\\/blog\\\/rec-line-cumple-20-anos\\\/#primaryimage\"},\"thumbnailUrl\":\"https:\\\/\\\/rec-line.com\\\/blog\\\/wp-content\\\/uploads\\\/2022\\\/09\\\/fachada-rec-line-2-e1663574500563.jpg\",\"articleSection\":[\"Rec-line\"],\"inLanguage\":\"es\",\"potentialAction\":[{\"@type\":\"CommentAction\",\"name\":\"Comment\",\"target\":[\"https:\\\/\\\/rec-line.com\\\/blog\\\/rec-line-cumple-20-anos\\\/#respond\"]}]},{\"@type\":\"WebPage\",\"@id\":\"https:\\\/\\\/rec-line.com\\\/blog\\\/rec-line-cumple-20-anos\\\/\",\"url\":\"https:\\\/\\\/rec-line.com\\\/blog\\\/rec-line-cumple-20-anos\\\/\",\"name\":\"Rec Line cumple 20 a\u00f1os - Rec Line\",\"isPartOf\":{\"@id\":\"https:\\\/\\\/rec-line.com\\\/blog\\\/#website\"},\"primaryImageOfPage\":{\"@id\":\"https:\\\/\\\/rec-line.com\\\/blog\\\/rec-line-cumple-20-anos\\\/#primaryimage\"},\"image\":{\"@id\":\"https:\\\/\\\/rec-line.com\\\/blog\\\/rec-line-cumple-20-anos\\\/#primaryimage\"},\"thumbnailUrl\":\"https:\\\/\\\/rec-line.com\\\/blog\\\/wp-content\\\/uploads\\\/2022\\\/09\\\/fachada-rec-line-2-e1663574500563.jpg\",\"datePublished\":\"2022-09-26T13:00:11+00:00\",\"dateModified\":\"2022-09-28T08:16:18+00:00\",\"breadcrumb\":{\"@id\":\"https:\\\/\\\/rec-line.com\\\/blog\\\/rec-line-cumple-20-anos\\\/#breadcrumb\"},\"inLanguage\":\"es\",\"potentialAction\":[{\"@type\":\"ReadAction\",\"target\":[\"https:\\\/\\\/rec-line.com\\\/blog\\\/rec-line-cumple-20-anos\\\/\"]}]},{\"@type\":\"ImageObject\",\"inLanguage\":\"es\",\"@id\":\"https:\\\/\\\/rec-line.com\\\/blog\\\/rec-line-cumple-20-anos\\\/#primaryimage\",\"url\":\"https:\\\/\\\/rec-line.com\\\/blog\\\/wp-content\\\/uploads\\\/2022\\\/09\\\/fachada-rec-line-2-e1663574500563.jpg\",\"contentUrl\":\"https:\\\/\\\/rec-line.com\\\/blog\\\/wp-content\\\/uploads\\\/2022\\\/09\\\/fachada-rec-line-2-e1663574500563.jpg\",\"width\":1080,\"height\":608,\"caption\":\"fachada distribuidor de tinta\"},{\"@type\":\"BreadcrumbList\",\"@id\":\"https:\\\/\\\/rec-line.com\\\/blog\\\/rec-line-cumple-20-anos\\\/#breadcrumb\",\"itemListElement\":[{\"@type\":\"ListItem\",\"position\":1,\"name\":\"Home\",\"item\":\"https:\\\/\\\/rec-line.com\\\/blog\\\/\"},{\"@type\":\"ListItem\",\"position\":2,\"name\":\"Rec Line cumple 20 a\u00f1os\"}]},{\"@type\":\"WebSite\",\"@id\":\"https:\\\/\\\/rec-line.com\\\/blog\\\/#website\",\"url\":\"https:\\\/\\\/rec-line.com\\\/blog\\\/\",\"name\":\"Rec Line\",\"description\":\"Rec Line News: El Blog de Novedades Inform\u00e1ticas y Tecnol\u00f3gicas\",\"publisher\":{\"@id\":\"https:\\\/\\\/rec-line.com\\\/blog\\\/#organization\"},\"potentialAction\":[{\"@type\":\"SearchAction\",\"target\":{\"@type\":\"EntryPoint\",\"urlTemplate\":\"https:\\\/\\\/rec-line.com\\\/blog\\\/?s={search_term_string}\"},\"query-input\":{\"@type\":\"PropertyValueSpecification\",\"valueRequired\":true,\"valueName\":\"search_term_string\"}}],\"inLanguage\":\"es\"},{\"@type\":\"Organization\",\"@id\":\"https:\\\/\\\/rec-line.com\\\/blog\\\/#organization\",\"name\":\"Rec Line\",\"url\":\"https:\\\/\\\/rec-line.com\\\/blog\\\/\",\"logo\":{\"@type\":\"ImageObject\",\"inLanguage\":\"es\",\"@id\":\"https:\\\/\\\/rec-line.com\\\/blog\\\/#\\\/schema\\\/logo\\\/image\\\/\",\"url\":\"https:\\\/\\\/rec-line.com\\\/blog\\\/wp-content\\\/uploads\\\/2019\\\/09\\\/logotipo-pantalla.jpg\",\"contentUrl\":\"https:\\\/\\\/rec-line.com\\\/blog\\\/wp-content\\\/uploads\\\/2019\\\/09\\\/logotipo-pantalla.jpg\",\"width\":1689,\"height\":833,\"caption\":\"Rec Line\"},\"image\":{\"@id\":\"https:\\\/\\\/rec-line.com\\\/blog\\\/#\\\/schema\\\/logo\\\/image\\\/\"},\"sameAs\":[\"https:\\\/\\\/www.facebook.com\\\/reclineespana\\\/\",\"https:\\\/\\\/x.com\\\/Rec_line\",\"https:\\\/\\\/www.instagram.com\\\/recline_es\\\/\",\"https:\\\/\\\/es.linkedin.com\\\/company\\\/rec-line\",\"https:\\\/\\\/www.youtube.com\\\/channel\\\/UCnONbPlFb3eldPVqZhyjUyA\"]},{\"@type\":\"Person\",\"@id\":\"https:\\\/\\\/rec-line.com\\\/blog\\\/#\\\/schema\\\/person\\\/051c7981cfdc7794bdecf0fba3ab7999\",\"name\":\"Rec-Line\",\"image\":{\"@type\":\"ImageObject\",\"inLanguage\":\"es\",\"@id\":\"https:\\\/\\\/secure.gravatar.com\\\/avatar\\\/9fddcecbddb96b35c6fa86479970e0556e892bde9d70e5e2e1776d2ead016329?s=96&d=mm&r=g\",\"url\":\"https:\\\/\\\/secure.gravatar.com\\\/avatar\\\/9fddcecbddb96b35c6fa86479970e0556e892bde9d70e5e2e1776d2ead016329?s=96&d=mm&r=g\",\"contentUrl\":\"https:\\\/\\\/secure.gravatar.com\\\/avatar\\\/9fddcecbddb96b35c6fa86479970e0556e892bde9d70e5e2e1776d2ead016329?s=96&d=mm&r=g\",\"caption\":\"Rec-Line\"}}]}<\/script>\n<!-- \/ Yoast SEO plugin. -->","yoast_head_json":{"title":"Rec Line cumple 20 a\u00f1os - Rec Line","robots":{"index":"index","follow":"follow","max-snippet":"max-snippet:-1","max-image-preview":"max-image-preview:large","max-video-preview":"max-video-preview:-1"},"canonical":"https:\/\/rec-line.com\/blog\/rec-line-cumple-20-anos\/","og_locale":"es_ES","og_type":"article","og_title":"Rec Line cumple 20 a\u00f1os - Rec Line","og_description":"Hablamos con Pedro Mart\u00ednez, gerente y fundador de la empresa de consumibles Rec Line. \u00bfC\u00f3mo naci\u00f3 Rec Line? \u00bfC\u00f3mo se te ocurri\u00f3 la idea? En septiembre de 2002, con unas instalaciones muy modestas comenzamos a distribuir solo en la Regi\u00f3n de Murcia. En tan solo unos meses ten\u00edamos demanda desde [&hellip;]","og_url":"https:\/\/rec-line.com\/blog\/rec-line-cumple-20-anos\/","og_site_name":"Rec Line","article_publisher":"https:\/\/www.facebook.com\/reclineespana\/","article_published_time":"2022-09-26T13:00:11+00:00","article_modified_time":"2022-09-28T08:16:18+00:00","og_image":[{"width":1080,"height":608,"url":"https:\/\/rec-line.com\/blog\/wp-content\/uploads\/2022\/09\/fachada-rec-line-2-e1663574500563.jpg","type":"image\/jpeg"}],"author":"Rec-Line","twitter_card":"summary_large_image","twitter_creator":"@Rec_line","twitter_site":"@Rec_line","twitter_misc":{"Escrito por":"Rec-Line","Tiempo de lectura":"4 minutos"},"schema":{"@context":"https:\/\/schema.org","@graph":[{"@type":"Article","@id":"https:\/\/rec-line.com\/blog\/rec-line-cumple-20-anos\/#article","isPartOf":{"@id":"https:\/\/rec-line.com\/blog\/rec-line-cumple-20-anos\/"},"author":{"name":"Rec-Line","@id":"https:\/\/rec-line.com\/blog\/#\/schema\/person\/051c7981cfdc7794bdecf0fba3ab7999"},"headline":"Rec Line cumple 20 a\u00f1os","datePublished":"2022-09-26T13:00:11+00:00","dateModified":"2022-09-28T08:16:18+00:00","mainEntityOfPage":{"@id":"https:\/\/rec-line.com\/blog\/rec-line-cumple-20-anos\/"},"wordCount":775,"commentCount":0,"publisher":{"@id":"https:\/\/rec-line.com\/blog\/#organization"},"image":{"@id":"https:\/\/rec-line.com\/blog\/rec-line-cumple-20-anos\/#primaryimage"},"thumbnailUrl":"https:\/\/rec-line.com\/blog\/wp-content\/uploads\/2022\/09\/fachada-rec-line-2-e1663574500563.jpg","articleSection":["Rec-line"],"inLanguage":"es","potentialAction":[{"@type":"CommentAction","name":"Comment","target":["https:\/\/rec-line.com\/blog\/rec-line-cumple-20-anos\/#respond"]}]},{"@type":"WebPage","@id":"https:\/\/rec-line.com\/blog\/rec-line-cumple-20-anos\/","url":"https:\/\/rec-line.com\/blog\/rec-line-cumple-20-anos\/","name":"Rec Line cumple 20 a\u00f1os - Rec Line","isPartOf":{"@id":"https:\/\/rec-line.com\/blog\/#website"},"primaryImageOfPage":{"@id":"https:\/\/rec-line.com\/blog\/rec-line-cumple-20-anos\/#primaryimage"},"image":{"@id":"https:\/\/rec-line.com\/blog\/rec-line-cumple-20-anos\/#primaryimage"},"thumbnailUrl":"https:\/\/rec-line.com\/blog\/wp-content\/uploads\/2022\/09\/fachada-rec-line-2-e1663574500563.jpg","datePublished":"2022-09-26T13:00:11+00:00","dateModified":"2022-09-28T08:16:18+00:00","breadcrumb":{"@id":"https:\/\/rec-line.com\/blog\/rec-line-cumple-20-anos\/#breadcrumb"},"inLanguage":"es","potentialAction":[{"@type":"ReadAction","target":["https:\/\/rec-line.com\/blog\/rec-line-cumple-20-anos\/"]}]},{"@type":"ImageObject","inLanguage":"es","@id":"https:\/\/rec-line.com\/blog\/rec-line-cumple-20-anos\/#primaryimage","url":"https:\/\/rec-line.com\/blog\/wp-content\/uploads\/2022\/09\/fachada-rec-line-2-e1663574500563.jpg","contentUrl":"https:\/\/rec-line.com\/blog\/wp-content\/uploads\/2022\/09\/fachada-rec-line-2-e1663574500563.jpg","width":1080,"height":608,"caption":"fachada distribuidor de tinta"},{"@type":"BreadcrumbList","@id":"https:\/\/rec-line.com\/blog\/rec-line-cumple-20-anos\/#breadcrumb","itemListElement":[{"@type":"ListItem","position":1,"name":"Home","item":"https:\/\/rec-line.com\/blog\/"},{"@type":"ListItem","position":2,"name":"Rec Line cumple 20 a\u00f1os"}]},{"@type":"WebSite","@id":"https:\/\/rec-line.com\/blog\/#website","url":"https:\/\/rec-line.com\/blog\/","name":"Rec Line","description":"Rec Line News: El Blog de Novedades Inform\u00e1ticas y Tecnol\u00f3gicas","publisher":{"@id":"https:\/\/rec-line.com\/blog\/#organization"},"potentialAction":[{"@type":"SearchAction","target":{"@type":"EntryPoint","urlTemplate":"https:\/\/rec-line.com\/blog\/?s={search_term_string}"},"query-input":{"@type":"PropertyValueSpecification","valueRequired":true,"valueName":"search_term_string"}}],"inLanguage":"es"},{"@type":"Organization","@id":"https:\/\/rec-line.com\/blog\/#organization","name":"Rec Line","url":"https:\/\/rec-line.com\/blog\/","logo":{"@type":"ImageObject","inLanguage":"es","@id":"https:\/\/rec-line.com\/blog\/#\/schema\/logo\/image\/","url":"https:\/\/rec-line.com\/blog\/wp-content\/uploads\/2019\/09\/logotipo-pantalla.jpg","contentUrl":"https:\/\/rec-line.com\/blog\/wp-content\/uploads\/2019\/09\/logotipo-pantalla.jpg","width":1689,"height":833,"caption":"Rec Line"},"image":{"@id":"https:\/\/rec-line.com\/blog\/#\/schema\/logo\/image\/"},"sameAs":["https:\/\/www.facebook.com\/reclineespana\/","https:\/\/x.com\/Rec_line","https:\/\/www.instagram.com\/recline_es\/","https:\/\/es.linkedin.com\/company\/rec-line","https:\/\/www.youtube.com\/channel\/UCnONbPlFb3eldPVqZhyjUyA"]},{"@type":"Person","@id":"https:\/\/rec-line.com\/blog\/#\/schema\/person\/051c7981cfdc7794bdecf0fba3ab7999","name":"Rec-Line","image":{"@type":"ImageObject","inLanguage":"es","@id":"https:\/\/secure.gravatar.com\/avatar\/9fddcecbddb96b35c6fa86479970e0556e892bde9d70e5e2e1776d2ead016329?s=96&d=mm&r=g","url":"https:\/\/secure.gravatar.com\/avatar\/9fddcecbddb96b35c6fa86479970e0556e892bde9d70e5e2e1776d2ead016329?s=96&d=mm&r=g","contentUrl":"https:\/\/secure.gravatar.com\/avatar\/9fddcecbddb96b35c6fa86479970e0556e892bde9d70e5e2e1776d2ead016329?s=96&d=mm&r=g","caption":"Rec-Line"}}]}},"_links":{"self":[{"href":"https:\/\/rec-line.com\/blog\/wp-json\/wp\/v2\/posts\/998","targetHints":{"allow":["GET"]}}],"collection":[{"href":"https:\/\/rec-line.com\/blog\/wp-json\/wp\/v2\/posts"}],"about":[{"href":"https:\/\/rec-line.com\/blog\/wp-json\/wp\/v2\/types\/post"}],"author":[{"embeddable":true,"href":"https:\/\/rec-line.com\/blog\/wp-json\/wp\/v2\/users\/1"}],"replies":[{"embeddable":true,"href":"https:\/\/rec-line.com\/blog\/wp-json\/wp\/v2\/comments?post=998"}],"version-history":[{"count":6,"href":"https:\/\/rec-line.com\/blog\/wp-json\/wp\/v2\/posts\/998\/revisions"}],"predecessor-version":[{"id":1010,"href":"https:\/\/rec-line.com\/blog\/wp-json\/wp\/v2\/posts\/998\/revisions\/1010"}],"wp:featuredmedia":[{"embeddable":true,"href":"https:\/\/rec-line.com\/blog\/wp-json\/wp\/v2\/media\/1000"}],"wp:attachment":[{"href":"https:\/\/rec-line.com\/blog\/wp-json\/wp\/v2\/media?parent=998"}],"wp:term":[{"taxonomy":"category","embeddable":true,"href":"https:\/\/rec-line.com\/blog\/wp-json\/wp\/v2\/categories?post=998"},{"taxonomy":"post_tag","embeddable":true,"href":"https:\/\/rec-line.com\/blog\/wp-json\/wp\/v2\/tags?post=998"}],"curies":[{"name":"wp","href":"https:\/\/api.w.org\/{rel}","templated":true}]}}