{"id":909,"date":"2021-08-23T10:47:40","date_gmt":"2021-08-23T10:47:40","guid":{"rendered":"https:\/\/rec-line.com\/blog\/?p=909"},"modified":"2021-08-23T10:47:42","modified_gmt":"2021-08-23T10:47:42","slug":"impresora-en-verano","status":"publish","type":"post","link":"https:\/\/rec-line.com\/blog\/impresora-en-verano\/","title":{"rendered":"Cuida tu impresora en verano"},"content":{"rendered":"\n<p>Cuando una impresora en verano lleva mucho tiempo sin funcionar por las vacaciones, puede presentar problemas de secado de cartuchos. <\/p>\n\n\n\n<h2 class=\"wp-block-heading\">Mantenimiento de la impresora en verano<\/h2>\n\n\n\n<p>Las temperaturas extremas son malas compa\u00f1eras para los cartuchos. Antes de irte de vacaciones recuerda sacar los cartuchos de inyecci\u00f3n de tinta de la impresora y de que la impresora no reciba directamente la luz solar. <\/p>\n\n\n\n<ul class=\"wp-block-list\"><li>Si vives en un lugar donde las <strong>temperaturas en verano<\/strong> no superan los 25 grados no deber\u00edas tener problemas, si est\u00e1s en una ciudad donde sea habitual superar los 30\u00ba en verano, protege la impresora. <\/li><li><strong>Imprime aunque no lo necesites<\/strong>. Como <a href=\"https:\/\/rec-line.com\/cartuchos-compatibles\">vendedores de cartuchos de tinta<\/a> puedes pensar que esta recomendaci\u00f3n solo persigue que compres m\u00e1s, nada m\u00e1s lejos de la realidad. Si imprimes un folio de vez en cuando evitar\u00e1s que se sequen los cabezales y, por tanto, tener que tirar los cartuchos secos. <\/li><li>Evita que el <strong>polvo<\/strong> se acumule en las zonas h\u00famedas, tanto de la impresora como de los cartuchos. Tapa el cabezal y cubre la impresora con una funda. <\/li><\/ul>\n\n\n\n<h3 class=\"wp-block-heading\">\u00bfQu\u00e9 hacer si mi impresora da problemas?<\/h3>\n\n\n\n<p>Si estos consejos llegan tarde porque tu impresora no imprime bien, te recomendamos hacer una <a href=\"https:\/\/rec-line.com\/blog\/limpiar-cabezales-impresora-epson\/\">limpieza de cabezales<\/a> para mejorar el rendimiento. <\/p>\n\n\n\n<p>Para <strong>conservar los cartuchos<\/strong> que has sacado de la impresora, una forma de mantenerlos m\u00e1s tiempo es guard\u00e1ndolos en un recipiente herm\u00e9tico con una peque\u00f1a esponja h\u00fameda. As\u00ed evitar\u00e1s que se resequen una vez ha perdido su hermetismo original. <\/p>\n\n\n\n<p>Un truco para mantenimiento casero, consiste en imprimir una vez a la semana un folio con texto con p\u00e1rrafos de diferentes colores. Nos explicamos, con una p\u00e1gina de texto, cambia los p\u00e1rrafos de color: uno negro, otro magenta, otro amarillo y otro azul. De esta manera todos los cartuchos tendr\u00e1n que ponerse en funcionamiento evitando que se reseque ning\u00fan cabezal. Es un consejo para cuidar la impresora en verano, pero que puedes usarlo durante todo el a\u00f1o, quiz\u00e1 espaciando la impresi\u00f3n de esta p\u00e1gina a una vez cada dos semanas.<\/p>\n\n\n\n<p>Cada impresora tiene su propio rutina de mantenimiento. Si tienes dudas, lo mejor es revisar el manual de instrucciones o en la web del fabricante. El software de instalaci\u00f3n de la impresora suele incluir una opci\u00f3n de \u00abmantenimiento\u00bb o \u00ablimpieza\u00bb. Si lo haces con la frecuencia recomendada, tu impresora no dar\u00e1 problemas durante muchos a\u00f1os. <\/p>\n","protected":false},"excerpt":{"rendered":"<p>Cuando una impresora en verano lleva mucho tiempo sin funcionar por las vacaciones, puede presentar problemas de secado de cartuchos. Mantenimiento de la impresora en verano Las temperaturas extremas son malas compa\u00f1eras para los cartuchos. Antes de irte de vacaciones recuerda sacar los cartuchos de inyecci\u00f3n de tinta de la [&hellip;]<\/p>\n","protected":false},"author":1,"featured_media":910,"comment_status":"open","ping_status":"open","sticky":false,"template":"","format":"standard","meta":{"footnotes":""},"categories":[77],"tags":[],"class_list":["post-909","post","type-post","status-publish","format-standard","has-post-thumbnail","hentry","category-impresoras"],"yoast_head":"<!-- This site is optimized with the Yoast SEO plugin v27.4 - https:\/\/yoast.com\/product\/yoast-seo-wordpress\/ -->\n<title>Cuida tu impresora en verano - Rec Line<\/title>\n<meta name=\"description\" content=\"\u25c1\u00a0Cuida tu impresora en verano para que dure m\u00e1s tiempo: evitar el sol directo, los cartuchos se resecan y tienes que retirarlos. Info aqu\u00ed\" \/>\n<meta name=\"robots\" content=\"index, follow, max-snippet:-1, max-image-preview:large, max-video-preview:-1\" \/>\n<link rel=\"canonical\" href=\"https:\/\/rec-line.com\/blog\/impresora-en-verano\/\" \/>\n<meta property=\"og:locale\" content=\"es_ES\" \/>\n<meta property=\"og:type\" content=\"article\" \/>\n<meta property=\"og:title\" content=\"Cuida tu impresora en verano - Rec Line\" \/>\n<meta property=\"og:description\" content=\"\u25c1\u00a0Cuida tu impresora en verano para que dure m\u00e1s tiempo: evitar el sol directo, los cartuchos se resecan y tienes que retirarlos. Info aqu\u00ed\" \/>\n<meta property=\"og:url\" content=\"https:\/\/rec-line.com\/blog\/impresora-en-verano\/\" \/>\n<meta property=\"og:site_name\" content=\"Rec Line\" \/>\n<meta property=\"article:publisher\" content=\"https:\/\/www.facebook.com\/reclineespana\/\" \/>\n<meta property=\"article:published_time\" content=\"2021-08-23T10:47:40+00:00\" \/>\n<meta property=\"article:modified_time\" content=\"2021-08-23T10:47:42+00:00\" \/>\n<meta property=\"og:image\" content=\"https:\/\/rec-line.com\/blog\/wp-content\/uploads\/2021\/08\/impresora-verano.jpeg\" \/>\n\t<meta property=\"og:image:width\" content=\"560\" \/>\n\t<meta property=\"og:image:height\" content=\"315\" \/>\n\t<meta property=\"og:image:type\" content=\"image\/jpeg\" \/>\n<meta name=\"author\" content=\"Rec-Line\" \/>\n<meta name=\"twitter:card\" content=\"summary_large_image\" \/>\n<meta name=\"twitter:creator\" content=\"@Rec_line\" \/>\n<meta name=\"twitter:site\" content=\"@Rec_line\" \/>\n<meta name=\"twitter:label1\" content=\"Escrito por\" \/>\n\t<meta name=\"twitter:data1\" content=\"Rec-Line\" \/>\n\t<meta name=\"twitter:label2\" content=\"Tiempo de lectura\" \/>\n\t<meta name=\"twitter:data2\" content=\"2 minutos\" \/>\n<script type=\"application\/ld+json\" class=\"yoast-schema-graph\">{\"@context\":\"https:\\\/\\\/schema.org\",\"@graph\":[{\"@type\":\"Article\",\"@id\":\"https:\\\/\\\/rec-line.com\\\/blog\\\/impresora-en-verano\\\/#article\",\"isPartOf\":{\"@id\":\"https:\\\/\\\/rec-line.com\\\/blog\\\/impresora-en-verano\\\/\"},\"author\":{\"name\":\"Rec-Line\",\"@id\":\"https:\\\/\\\/rec-line.com\\\/blog\\\/#\\\/schema\\\/person\\\/051c7981cfdc7794bdecf0fba3ab7999\"},\"headline\":\"Cuida tu impresora en verano\",\"datePublished\":\"2021-08-23T10:47:40+00:00\",\"dateModified\":\"2021-08-23T10:47:42+00:00\",\"mainEntityOfPage\":{\"@id\":\"https:\\\/\\\/rec-line.com\\\/blog\\\/impresora-en-verano\\\/\"},\"wordCount\":417,\"commentCount\":0,\"publisher\":{\"@id\":\"https:\\\/\\\/rec-line.com\\\/blog\\\/#organization\"},\"image\":{\"@id\":\"https:\\\/\\\/rec-line.com\\\/blog\\\/impresora-en-verano\\\/#primaryimage\"},\"thumbnailUrl\":\"https:\\\/\\\/rec-line.com\\\/blog\\\/wp-content\\\/uploads\\\/2021\\\/08\\\/impresora-verano.jpeg\",\"articleSection\":[\"Impresoras\"],\"inLanguage\":\"es\",\"potentialAction\":[{\"@type\":\"CommentAction\",\"name\":\"Comment\",\"target\":[\"https:\\\/\\\/rec-line.com\\\/blog\\\/impresora-en-verano\\\/#respond\"]}]},{\"@type\":\"WebPage\",\"@id\":\"https:\\\/\\\/rec-line.com\\\/blog\\\/impresora-en-verano\\\/\",\"url\":\"https:\\\/\\\/rec-line.com\\\/blog\\\/impresora-en-verano\\\/\",\"name\":\"Cuida tu impresora en verano - Rec Line\",\"isPartOf\":{\"@id\":\"https:\\\/\\\/rec-line.com\\\/blog\\\/#website\"},\"primaryImageOfPage\":{\"@id\":\"https:\\\/\\\/rec-line.com\\\/blog\\\/impresora-en-verano\\\/#primaryimage\"},\"image\":{\"@id\":\"https:\\\/\\\/rec-line.com\\\/blog\\\/impresora-en-verano\\\/#primaryimage\"},\"thumbnailUrl\":\"https:\\\/\\\/rec-line.com\\\/blog\\\/wp-content\\\/uploads\\\/2021\\\/08\\\/impresora-verano.jpeg\",\"datePublished\":\"2021-08-23T10:47:40+00:00\",\"dateModified\":\"2021-08-23T10:47:42+00:00\",\"description\":\"\u25c1\u00a0Cuida tu impresora en verano para que dure m\u00e1s tiempo: evitar el sol directo, los cartuchos se resecan y tienes que retirarlos. Info aqu\u00ed\",\"breadcrumb\":{\"@id\":\"https:\\\/\\\/rec-line.com\\\/blog\\\/impresora-en-verano\\\/#breadcrumb\"},\"inLanguage\":\"es\",\"potentialAction\":[{\"@type\":\"ReadAction\",\"target\":[\"https:\\\/\\\/rec-line.com\\\/blog\\\/impresora-en-verano\\\/\"]}]},{\"@type\":\"ImageObject\",\"inLanguage\":\"es\",\"@id\":\"https:\\\/\\\/rec-line.com\\\/blog\\\/impresora-en-verano\\\/#primaryimage\",\"url\":\"https:\\\/\\\/rec-line.com\\\/blog\\\/wp-content\\\/uploads\\\/2021\\\/08\\\/impresora-verano.jpeg\",\"contentUrl\":\"https:\\\/\\\/rec-line.com\\\/blog\\\/wp-content\\\/uploads\\\/2021\\\/08\\\/impresora-verano.jpeg\",\"width\":560,\"height\":315,\"caption\":\"impresora en verano\"},{\"@type\":\"BreadcrumbList\",\"@id\":\"https:\\\/\\\/rec-line.com\\\/blog\\\/impresora-en-verano\\\/#breadcrumb\",\"itemListElement\":[{\"@type\":\"ListItem\",\"position\":1,\"name\":\"Home\",\"item\":\"https:\\\/\\\/rec-line.com\\\/blog\\\/\"},{\"@type\":\"ListItem\",\"position\":2,\"name\":\"Cuida tu impresora en verano\"}]},{\"@type\":\"WebSite\",\"@id\":\"https:\\\/\\\/rec-line.com\\\/blog\\\/#website\",\"url\":\"https:\\\/\\\/rec-line.com\\\/blog\\\/\",\"name\":\"Rec Line\",\"description\":\"Rec Line News: El Blog de Novedades Inform\u00e1ticas y Tecnol\u00f3gicas\",\"publisher\":{\"@id\":\"https:\\\/\\\/rec-line.com\\\/blog\\\/#organization\"},\"potentialAction\":[{\"@type\":\"SearchAction\",\"target\":{\"@type\":\"EntryPoint\",\"urlTemplate\":\"https:\\\/\\\/rec-line.com\\\/blog\\\/?s={search_term_string}\"},\"query-input\":{\"@type\":\"PropertyValueSpecification\",\"valueRequired\":true,\"valueName\":\"search_term_string\"}}],\"inLanguage\":\"es\"},{\"@type\":\"Organization\",\"@id\":\"https:\\\/\\\/rec-line.com\\\/blog\\\/#organization\",\"name\":\"Rec Line\",\"url\":\"https:\\\/\\\/rec-line.com\\\/blog\\\/\",\"logo\":{\"@type\":\"ImageObject\",\"inLanguage\":\"es\",\"@id\":\"https:\\\/\\\/rec-line.com\\\/blog\\\/#\\\/schema\\\/logo\\\/image\\\/\",\"url\":\"https:\\\/\\\/rec-line.com\\\/blog\\\/wp-content\\\/uploads\\\/2019\\\/09\\\/logotipo-pantalla.jpg\",\"contentUrl\":\"https:\\\/\\\/rec-line.com\\\/blog\\\/wp-content\\\/uploads\\\/2019\\\/09\\\/logotipo-pantalla.jpg\",\"width\":1689,\"height\":833,\"caption\":\"Rec Line\"},\"image\":{\"@id\":\"https:\\\/\\\/rec-line.com\\\/blog\\\/#\\\/schema\\\/logo\\\/image\\\/\"},\"sameAs\":[\"https:\\\/\\\/www.facebook.com\\\/reclineespana\\\/\",\"https:\\\/\\\/x.com\\\/Rec_line\",\"https:\\\/\\\/www.instagram.com\\\/recline_es\\\/\",\"https:\\\/\\\/es.linkedin.com\\\/company\\\/rec-line\",\"https:\\\/\\\/www.youtube.com\\\/channel\\\/UCnONbPlFb3eldPVqZhyjUyA\"]},{\"@type\":\"Person\",\"@id\":\"https:\\\/\\\/rec-line.com\\\/blog\\\/#\\\/schema\\\/person\\\/051c7981cfdc7794bdecf0fba3ab7999\",\"name\":\"Rec-Line\",\"image\":{\"@type\":\"ImageObject\",\"inLanguage\":\"es\",\"@id\":\"https:\\\/\\\/secure.gravatar.com\\\/avatar\\\/9fddcecbddb96b35c6fa86479970e0556e892bde9d70e5e2e1776d2ead016329?s=96&d=mm&r=g\",\"url\":\"https:\\\/\\\/secure.gravatar.com\\\/avatar\\\/9fddcecbddb96b35c6fa86479970e0556e892bde9d70e5e2e1776d2ead016329?s=96&d=mm&r=g\",\"contentUrl\":\"https:\\\/\\\/secure.gravatar.com\\\/avatar\\\/9fddcecbddb96b35c6fa86479970e0556e892bde9d70e5e2e1776d2ead016329?s=96&d=mm&r=g\",\"caption\":\"Rec-Line\"}}]}<\/script>\n<!-- \/ Yoast SEO plugin. -->","yoast_head_json":{"title":"Cuida tu impresora en verano - Rec Line","description":"\u25c1\u00a0Cuida tu impresora en verano para que dure m\u00e1s tiempo: evitar el sol directo, los cartuchos se resecan y tienes que retirarlos. Info aqu\u00ed","robots":{"index":"index","follow":"follow","max-snippet":"max-snippet:-1","max-image-preview":"max-image-preview:large","max-video-preview":"max-video-preview:-1"},"canonical":"https:\/\/rec-line.com\/blog\/impresora-en-verano\/","og_locale":"es_ES","og_type":"article","og_title":"Cuida tu impresora en verano - Rec Line","og_description":"\u25c1\u00a0Cuida tu impresora en verano para que dure m\u00e1s tiempo: evitar el sol directo, los cartuchos se resecan y tienes que retirarlos. Info aqu\u00ed","og_url":"https:\/\/rec-line.com\/blog\/impresora-en-verano\/","og_site_name":"Rec Line","article_publisher":"https:\/\/www.facebook.com\/reclineespana\/","article_published_time":"2021-08-23T10:47:40+00:00","article_modified_time":"2021-08-23T10:47:42+00:00","og_image":[{"width":560,"height":315,"url":"https:\/\/rec-line.com\/blog\/wp-content\/uploads\/2021\/08\/impresora-verano.jpeg","type":"image\/jpeg"}],"author":"Rec-Line","twitter_card":"summary_large_image","twitter_creator":"@Rec_line","twitter_site":"@Rec_line","twitter_misc":{"Escrito por":"Rec-Line","Tiempo de lectura":"2 minutos"},"schema":{"@context":"https:\/\/schema.org","@graph":[{"@type":"Article","@id":"https:\/\/rec-line.com\/blog\/impresora-en-verano\/#article","isPartOf":{"@id":"https:\/\/rec-line.com\/blog\/impresora-en-verano\/"},"author":{"name":"Rec-Line","@id":"https:\/\/rec-line.com\/blog\/#\/schema\/person\/051c7981cfdc7794bdecf0fba3ab7999"},"headline":"Cuida tu impresora en verano","datePublished":"2021-08-23T10:47:40+00:00","dateModified":"2021-08-23T10:47:42+00:00","mainEntityOfPage":{"@id":"https:\/\/rec-line.com\/blog\/impresora-en-verano\/"},"wordCount":417,"commentCount":0,"publisher":{"@id":"https:\/\/rec-line.com\/blog\/#organization"},"image":{"@id":"https:\/\/rec-line.com\/blog\/impresora-en-verano\/#primaryimage"},"thumbnailUrl":"https:\/\/rec-line.com\/blog\/wp-content\/uploads\/2021\/08\/impresora-verano.jpeg","articleSection":["Impresoras"],"inLanguage":"es","potentialAction":[{"@type":"CommentAction","name":"Comment","target":["https:\/\/rec-line.com\/blog\/impresora-en-verano\/#respond"]}]},{"@type":"WebPage","@id":"https:\/\/rec-line.com\/blog\/impresora-en-verano\/","url":"https:\/\/rec-line.com\/blog\/impresora-en-verano\/","name":"Cuida tu impresora en verano - Rec Line","isPartOf":{"@id":"https:\/\/rec-line.com\/blog\/#website"},"primaryImageOfPage":{"@id":"https:\/\/rec-line.com\/blog\/impresora-en-verano\/#primaryimage"},"image":{"@id":"https:\/\/rec-line.com\/blog\/impresora-en-verano\/#primaryimage"},"thumbnailUrl":"https:\/\/rec-line.com\/blog\/wp-content\/uploads\/2021\/08\/impresora-verano.jpeg","datePublished":"2021-08-23T10:47:40+00:00","dateModified":"2021-08-23T10:47:42+00:00","description":"\u25c1\u00a0Cuida tu impresora en verano para que dure m\u00e1s tiempo: evitar el sol directo, los cartuchos se resecan y tienes que retirarlos. Info aqu\u00ed","breadcrumb":{"@id":"https:\/\/rec-line.com\/blog\/impresora-en-verano\/#breadcrumb"},"inLanguage":"es","potentialAction":[{"@type":"ReadAction","target":["https:\/\/rec-line.com\/blog\/impresora-en-verano\/"]}]},{"@type":"ImageObject","inLanguage":"es","@id":"https:\/\/rec-line.com\/blog\/impresora-en-verano\/#primaryimage","url":"https:\/\/rec-line.com\/blog\/wp-content\/uploads\/2021\/08\/impresora-verano.jpeg","contentUrl":"https:\/\/rec-line.com\/blog\/wp-content\/uploads\/2021\/08\/impresora-verano.jpeg","width":560,"height":315,"caption":"impresora en verano"},{"@type":"BreadcrumbList","@id":"https:\/\/rec-line.com\/blog\/impresora-en-verano\/#breadcrumb","itemListElement":[{"@type":"ListItem","position":1,"name":"Home","item":"https:\/\/rec-line.com\/blog\/"},{"@type":"ListItem","position":2,"name":"Cuida tu impresora en verano"}]},{"@type":"WebSite","@id":"https:\/\/rec-line.com\/blog\/#website","url":"https:\/\/rec-line.com\/blog\/","name":"Rec Line","description":"Rec Line News: El Blog de Novedades Inform\u00e1ticas y Tecnol\u00f3gicas","publisher":{"@id":"https:\/\/rec-line.com\/blog\/#organization"},"potentialAction":[{"@type":"SearchAction","target":{"@type":"EntryPoint","urlTemplate":"https:\/\/rec-line.com\/blog\/?s={search_term_string}"},"query-input":{"@type":"PropertyValueSpecification","valueRequired":true,"valueName":"search_term_string"}}],"inLanguage":"es"},{"@type":"Organization","@id":"https:\/\/rec-line.com\/blog\/#organization","name":"Rec Line","url":"https:\/\/rec-line.com\/blog\/","logo":{"@type":"ImageObject","inLanguage":"es","@id":"https:\/\/rec-line.com\/blog\/#\/schema\/logo\/image\/","url":"https:\/\/rec-line.com\/blog\/wp-content\/uploads\/2019\/09\/logotipo-pantalla.jpg","contentUrl":"https:\/\/rec-line.com\/blog\/wp-content\/uploads\/2019\/09\/logotipo-pantalla.jpg","width":1689,"height":833,"caption":"Rec Line"},"image":{"@id":"https:\/\/rec-line.com\/blog\/#\/schema\/logo\/image\/"},"sameAs":["https:\/\/www.facebook.com\/reclineespana\/","https:\/\/x.com\/Rec_line","https:\/\/www.instagram.com\/recline_es\/","https:\/\/es.linkedin.com\/company\/rec-line","https:\/\/www.youtube.com\/channel\/UCnONbPlFb3eldPVqZhyjUyA"]},{"@type":"Person","@id":"https:\/\/rec-line.com\/blog\/#\/schema\/person\/051c7981cfdc7794bdecf0fba3ab7999","name":"Rec-Line","image":{"@type":"ImageObject","inLanguage":"es","@id":"https:\/\/secure.gravatar.com\/avatar\/9fddcecbddb96b35c6fa86479970e0556e892bde9d70e5e2e1776d2ead016329?s=96&d=mm&r=g","url":"https:\/\/secure.gravatar.com\/avatar\/9fddcecbddb96b35c6fa86479970e0556e892bde9d70e5e2e1776d2ead016329?s=96&d=mm&r=g","contentUrl":"https:\/\/secure.gravatar.com\/avatar\/9fddcecbddb96b35c6fa86479970e0556e892bde9d70e5e2e1776d2ead016329?s=96&d=mm&r=g","caption":"Rec-Line"}}]}},"_links":{"self":[{"href":"https:\/\/rec-line.com\/blog\/wp-json\/wp\/v2\/posts\/909","targetHints":{"allow":["GET"]}}],"collection":[{"href":"https:\/\/rec-line.com\/blog\/wp-json\/wp\/v2\/posts"}],"about":[{"href":"https:\/\/rec-line.com\/blog\/wp-json\/wp\/v2\/types\/post"}],"author":[{"embeddable":true,"href":"https:\/\/rec-line.com\/blog\/wp-json\/wp\/v2\/users\/1"}],"replies":[{"embeddable":true,"href":"https:\/\/rec-line.com\/blog\/wp-json\/wp\/v2\/comments?post=909"}],"version-history":[{"count":1,"href":"https:\/\/rec-line.com\/blog\/wp-json\/wp\/v2\/posts\/909\/revisions"}],"predecessor-version":[{"id":911,"href":"https:\/\/rec-line.com\/blog\/wp-json\/wp\/v2\/posts\/909\/revisions\/911"}],"wp:featuredmedia":[{"embeddable":true,"href":"https:\/\/rec-line.com\/blog\/wp-json\/wp\/v2\/media\/910"}],"wp:attachment":[{"href":"https:\/\/rec-line.com\/blog\/wp-json\/wp\/v2\/media?parent=909"}],"wp:term":[{"taxonomy":"category","embeddable":true,"href":"https:\/\/rec-line.com\/blog\/wp-json\/wp\/v2\/categories?post=909"},{"taxonomy":"post_tag","embeddable":true,"href":"https:\/\/rec-line.com\/blog\/wp-json\/wp\/v2\/tags?post=909"}],"curies":[{"name":"wp","href":"https:\/\/api.w.org\/{rel}","templated":true}]}}