{"id":862,"date":"2021-08-02T11:46:43","date_gmt":"2021-08-02T11:46:43","guid":{"rendered":"https:\/\/rec-line.com\/blog\/?p=862"},"modified":"2021-08-02T11:46:45","modified_gmt":"2021-08-02T11:46:45","slug":"motivos-reciclar-cartuchos-toner","status":"publish","type":"post","link":"https:\/\/rec-line.com\/blog\/motivos-reciclar-cartuchos-toner\/","title":{"rendered":"4 motivos por los que reciclar cartuchos y t\u00f3ner"},"content":{"rendered":"\n<p>Reciclar cartuchos es fundamental por el ritmo que lleva la digitalizaci\u00f3n de las empresas y de la sociedad. El sector de la impresi\u00f3n y consumibles inform\u00e1ticos resiste con una demanda que a\u00fan se prev\u00e9 que sea duradera en el tiempo.<\/p>\n\n\n\n<p>La evoluci\u00f3n tanto de los m\u00e9todos de fabricaci\u00f3n como la normativa en materia medioambiental ha facilitado el impulso del <strong>reciclaje de cartuchos y t\u00f3ner de impresora<\/strong> como el principal consumible inform\u00e1tico del sector.<\/p>\n\n\n\n<p>Desde Rec Line, compartimos una lista de motivos para que entre todos impulsemos el reciclaje de cartuchos y t\u00f3ner de impresora.<\/p>\n\n\n\n<h2 class=\"wp-block-heading\">Reacondicionamiento<\/h2>\n\n\n\n<p>Cuando hablamos de reciclar tenemos que tener en cuenta las 3 erres: reducir, reutilizar y reciclar. Muchos de los consumibles inform\u00e1ticos pueden ser utilizados y reacondicionados. De esta forma  se quema mucho menos combustible y utiliza menos cantidad de agua que si hubiera que fabricarlos con nuevos materiales. Un proceso m\u00e1s sostenible que la mera destrucci\u00f3n con liberaci\u00f3n de gases nocivos a nuestra atm\u00f3sfera.<\/p>\n\n\n\n<h2 class=\"wp-block-heading\">Impacto medioambiental<\/h2>\n\n\n\n<p>Un t\u00f3ner de impresora tarda aproximadamente 450 a\u00f1os en descomponerse e incluso algunos de sus componentes pueden tardar un milenio. Actualmente los cartuchos de tinta que se desechan en un a\u00f1o en el mundo dar\u00edan tres vueltas al ecuador de la Tierra.<\/p>\n\n\n\n<h2 class=\"wp-block-heading\">Reciclaje<\/h2>\n\n\n\n<p>Con el reciclaje se recuperan los componentes de metal, pl\u00e1stico y tinta que son los m\u00e1s da\u00f1inos con el medio ambiente. Gracias a los procesos de reacondicionamiento, algunos se pueden reutilizar en <a href=\"https:\/\/rec-line.com\/consumibles-compatibles\">cartuchos compatibles<\/a> ofreciendo el mismo rendimiento y fiabilidad que los de primera fabricaci\u00f3n.<\/p>\n\n\n\n<p>El porcentaje de cartuchos que se reciclan rondan el 35% por lo que a\u00fan se siguen se siguen tirando el 65% del total en puntos que no est\u00e1n preparados para el reciclaje. Los peores datos est\u00e1n en los hogares puesto que la mayor parte de las grandes empresas tienen en marcha programas de reciclaje, al igual que muchas pymes.<\/p>\n\n\n\n<h2 class=\"wp-block-heading\">Reducci\u00f3n de gases de efecto invernadero<\/h2>\n\n\n\n<p>En relaci\u00f3n con los puntos anteriores, al reciclar se reducir\u00e1n notablemente la liberaci\u00f3n de gases de efecto invernadero en nuestra atm\u00f3sfera. Reciclar los t\u00f3ner libera menos gases que elaborar unos nuevos. La descomposici\u00f3n de estos consumibles libera gases nocivos para el medio ambiente.<\/p>\n\n\n\n<p><\/p>\n\n\n\n<p>Por todas estas razones, te animamos a reciclar tus cartuchos de tinta cuando se agoten. Puedes entregarlos en tu proveedor de consumibles o en el punto limpio de tu ciudad. Pero por favor, no los tires al contenedor de resto, el medioambiente es cosa de todos.<\/p>\n\n\n\n<p><\/p>\n","protected":false},"excerpt":{"rendered":"<p>Reciclar cartuchos es fundamental por el ritmo que lleva la digitalizaci\u00f3n de las empresas y de la sociedad. El sector de la impresi\u00f3n y consumibles inform\u00e1ticos resiste con una demanda que a\u00fan se prev\u00e9 que sea duradera en el tiempo. La evoluci\u00f3n tanto de los m\u00e9todos de fabricaci\u00f3n como la [&hellip;]<\/p>\n","protected":false},"author":1,"featured_media":865,"comment_status":"open","ping_status":"open","sticky":false,"template":"","format":"standard","meta":{"footnotes":""},"categories":[1],"tags":[],"class_list":["post-862","post","type-post","status-publish","format-standard","has-post-thumbnail","hentry","category-rec-line"],"yoast_head":"<!-- This site is optimized with the Yoast SEO plugin v27.4 - https:\/\/yoast.com\/product\/yoast-seo-wordpress\/ -->\n<title>4 motivos por los que reciclar cartuchos y t\u00f3ner - Rec Line<\/title>\n<meta name=\"description\" content=\"\u2705 Reciclar cartuchos de tinta y t\u00f3ner para respetar el medioambiente. Menos impacto ambiental, buena gesti\u00f3n,... s\u00e9 responsable y recicla\" \/>\n<meta name=\"robots\" content=\"index, follow, max-snippet:-1, max-image-preview:large, max-video-preview:-1\" \/>\n<link rel=\"canonical\" href=\"https:\/\/rec-line.com\/blog\/motivos-reciclar-cartuchos-toner\/\" \/>\n<meta property=\"og:locale\" content=\"es_ES\" \/>\n<meta property=\"og:type\" content=\"article\" \/>\n<meta property=\"og:title\" content=\"4 motivos por los que reciclar cartuchos y t\u00f3ner - Rec Line\" \/>\n<meta property=\"og:description\" content=\"\u2705 Reciclar cartuchos de tinta y t\u00f3ner para respetar el medioambiente. Menos impacto ambiental, buena gesti\u00f3n,... s\u00e9 responsable y recicla\" \/>\n<meta property=\"og:url\" content=\"https:\/\/rec-line.com\/blog\/motivos-reciclar-cartuchos-toner\/\" \/>\n<meta property=\"og:site_name\" content=\"Rec Line\" \/>\n<meta property=\"article:publisher\" content=\"https:\/\/www.facebook.com\/reclineespana\/\" \/>\n<meta property=\"article:published_time\" content=\"2021-08-02T11:46:43+00:00\" \/>\n<meta property=\"article:modified_time\" content=\"2021-08-02T11:46:45+00:00\" \/>\n<meta property=\"og:image\" content=\"https:\/\/rec-line.com\/blog\/wp-content\/uploads\/2021\/08\/reciclar-toner-1.jpeg\" \/>\n\t<meta property=\"og:image:width\" content=\"1080\" \/>\n\t<meta property=\"og:image:height\" content=\"683\" \/>\n\t<meta property=\"og:image:type\" content=\"image\/jpeg\" \/>\n<meta name=\"author\" content=\"Rec-Line\" \/>\n<meta name=\"twitter:card\" content=\"summary_large_image\" \/>\n<meta name=\"twitter:creator\" content=\"@Rec_line\" \/>\n<meta name=\"twitter:site\" content=\"@Rec_line\" \/>\n<meta name=\"twitter:label1\" content=\"Escrito por\" \/>\n\t<meta name=\"twitter:data1\" content=\"Rec-Line\" \/>\n\t<meta name=\"twitter:label2\" content=\"Tiempo de lectura\" \/>\n\t<meta name=\"twitter:data2\" content=\"2 minutos\" \/>\n<script type=\"application\/ld+json\" class=\"yoast-schema-graph\">{\"@context\":\"https:\\\/\\\/schema.org\",\"@graph\":[{\"@type\":\"Article\",\"@id\":\"https:\\\/\\\/rec-line.com\\\/blog\\\/motivos-reciclar-cartuchos-toner\\\/#article\",\"isPartOf\":{\"@id\":\"https:\\\/\\\/rec-line.com\\\/blog\\\/motivos-reciclar-cartuchos-toner\\\/\"},\"author\":{\"name\":\"Rec-Line\",\"@id\":\"https:\\\/\\\/rec-line.com\\\/blog\\\/#\\\/schema\\\/person\\\/051c7981cfdc7794bdecf0fba3ab7999\"},\"headline\":\"4 motivos por los que reciclar cartuchos y t\u00f3ner\",\"datePublished\":\"2021-08-02T11:46:43+00:00\",\"dateModified\":\"2021-08-02T11:46:45+00:00\",\"mainEntityOfPage\":{\"@id\":\"https:\\\/\\\/rec-line.com\\\/blog\\\/motivos-reciclar-cartuchos-toner\\\/\"},\"wordCount\":441,\"commentCount\":0,\"publisher\":{\"@id\":\"https:\\\/\\\/rec-line.com\\\/blog\\\/#organization\"},\"image\":{\"@id\":\"https:\\\/\\\/rec-line.com\\\/blog\\\/motivos-reciclar-cartuchos-toner\\\/#primaryimage\"},\"thumbnailUrl\":\"https:\\\/\\\/rec-line.com\\\/blog\\\/wp-content\\\/uploads\\\/2021\\\/08\\\/reciclar-toner-1.jpeg\",\"articleSection\":[\"Rec-line\"],\"inLanguage\":\"es\",\"potentialAction\":[{\"@type\":\"CommentAction\",\"name\":\"Comment\",\"target\":[\"https:\\\/\\\/rec-line.com\\\/blog\\\/motivos-reciclar-cartuchos-toner\\\/#respond\"]}]},{\"@type\":\"WebPage\",\"@id\":\"https:\\\/\\\/rec-line.com\\\/blog\\\/motivos-reciclar-cartuchos-toner\\\/\",\"url\":\"https:\\\/\\\/rec-line.com\\\/blog\\\/motivos-reciclar-cartuchos-toner\\\/\",\"name\":\"4 motivos por los que reciclar cartuchos y t\u00f3ner - Rec Line\",\"isPartOf\":{\"@id\":\"https:\\\/\\\/rec-line.com\\\/blog\\\/#website\"},\"primaryImageOfPage\":{\"@id\":\"https:\\\/\\\/rec-line.com\\\/blog\\\/motivos-reciclar-cartuchos-toner\\\/#primaryimage\"},\"image\":{\"@id\":\"https:\\\/\\\/rec-line.com\\\/blog\\\/motivos-reciclar-cartuchos-toner\\\/#primaryimage\"},\"thumbnailUrl\":\"https:\\\/\\\/rec-line.com\\\/blog\\\/wp-content\\\/uploads\\\/2021\\\/08\\\/reciclar-toner-1.jpeg\",\"datePublished\":\"2021-08-02T11:46:43+00:00\",\"dateModified\":\"2021-08-02T11:46:45+00:00\",\"description\":\"\u2705 Reciclar cartuchos de tinta y t\u00f3ner para respetar el medioambiente. Menos impacto ambiental, buena gesti\u00f3n,... s\u00e9 responsable y recicla\",\"breadcrumb\":{\"@id\":\"https:\\\/\\\/rec-line.com\\\/blog\\\/motivos-reciclar-cartuchos-toner\\\/#breadcrumb\"},\"inLanguage\":\"es\",\"potentialAction\":[{\"@type\":\"ReadAction\",\"target\":[\"https:\\\/\\\/rec-line.com\\\/blog\\\/motivos-reciclar-cartuchos-toner\\\/\"]}]},{\"@type\":\"ImageObject\",\"inLanguage\":\"es\",\"@id\":\"https:\\\/\\\/rec-line.com\\\/blog\\\/motivos-reciclar-cartuchos-toner\\\/#primaryimage\",\"url\":\"https:\\\/\\\/rec-line.com\\\/blog\\\/wp-content\\\/uploads\\\/2021\\\/08\\\/reciclar-toner-1.jpeg\",\"contentUrl\":\"https:\\\/\\\/rec-line.com\\\/blog\\\/wp-content\\\/uploads\\\/2021\\\/08\\\/reciclar-toner-1.jpeg\",\"width\":1080,\"height\":683,\"caption\":\"motivos reciclar cartucho\"},{\"@type\":\"BreadcrumbList\",\"@id\":\"https:\\\/\\\/rec-line.com\\\/blog\\\/motivos-reciclar-cartuchos-toner\\\/#breadcrumb\",\"itemListElement\":[{\"@type\":\"ListItem\",\"position\":1,\"name\":\"Home\",\"item\":\"https:\\\/\\\/rec-line.com\\\/blog\\\/\"},{\"@type\":\"ListItem\",\"position\":2,\"name\":\"4 motivos por los que reciclar cartuchos y t\u00f3ner\"}]},{\"@type\":\"WebSite\",\"@id\":\"https:\\\/\\\/rec-line.com\\\/blog\\\/#website\",\"url\":\"https:\\\/\\\/rec-line.com\\\/blog\\\/\",\"name\":\"Rec Line\",\"description\":\"Rec Line News: El Blog de Novedades Inform\u00e1ticas y Tecnol\u00f3gicas\",\"publisher\":{\"@id\":\"https:\\\/\\\/rec-line.com\\\/blog\\\/#organization\"},\"potentialAction\":[{\"@type\":\"SearchAction\",\"target\":{\"@type\":\"EntryPoint\",\"urlTemplate\":\"https:\\\/\\\/rec-line.com\\\/blog\\\/?s={search_term_string}\"},\"query-input\":{\"@type\":\"PropertyValueSpecification\",\"valueRequired\":true,\"valueName\":\"search_term_string\"}}],\"inLanguage\":\"es\"},{\"@type\":\"Organization\",\"@id\":\"https:\\\/\\\/rec-line.com\\\/blog\\\/#organization\",\"name\":\"Rec Line\",\"url\":\"https:\\\/\\\/rec-line.com\\\/blog\\\/\",\"logo\":{\"@type\":\"ImageObject\",\"inLanguage\":\"es\",\"@id\":\"https:\\\/\\\/rec-line.com\\\/blog\\\/#\\\/schema\\\/logo\\\/image\\\/\",\"url\":\"https:\\\/\\\/rec-line.com\\\/blog\\\/wp-content\\\/uploads\\\/2019\\\/09\\\/logotipo-pantalla.jpg\",\"contentUrl\":\"https:\\\/\\\/rec-line.com\\\/blog\\\/wp-content\\\/uploads\\\/2019\\\/09\\\/logotipo-pantalla.jpg\",\"width\":1689,\"height\":833,\"caption\":\"Rec Line\"},\"image\":{\"@id\":\"https:\\\/\\\/rec-line.com\\\/blog\\\/#\\\/schema\\\/logo\\\/image\\\/\"},\"sameAs\":[\"https:\\\/\\\/www.facebook.com\\\/reclineespana\\\/\",\"https:\\\/\\\/x.com\\\/Rec_line\",\"https:\\\/\\\/www.instagram.com\\\/recline_es\\\/\",\"https:\\\/\\\/es.linkedin.com\\\/company\\\/rec-line\",\"https:\\\/\\\/www.youtube.com\\\/channel\\\/UCnONbPlFb3eldPVqZhyjUyA\"]},{\"@type\":\"Person\",\"@id\":\"https:\\\/\\\/rec-line.com\\\/blog\\\/#\\\/schema\\\/person\\\/051c7981cfdc7794bdecf0fba3ab7999\",\"name\":\"Rec-Line\",\"image\":{\"@type\":\"ImageObject\",\"inLanguage\":\"es\",\"@id\":\"https:\\\/\\\/secure.gravatar.com\\\/avatar\\\/9fddcecbddb96b35c6fa86479970e0556e892bde9d70e5e2e1776d2ead016329?s=96&d=mm&r=g\",\"url\":\"https:\\\/\\\/secure.gravatar.com\\\/avatar\\\/9fddcecbddb96b35c6fa86479970e0556e892bde9d70e5e2e1776d2ead016329?s=96&d=mm&r=g\",\"contentUrl\":\"https:\\\/\\\/secure.gravatar.com\\\/avatar\\\/9fddcecbddb96b35c6fa86479970e0556e892bde9d70e5e2e1776d2ead016329?s=96&d=mm&r=g\",\"caption\":\"Rec-Line\"}}]}<\/script>\n<!-- \/ Yoast SEO plugin. -->","yoast_head_json":{"title":"4 motivos por los que reciclar cartuchos y t\u00f3ner - Rec Line","description":"\u2705 Reciclar cartuchos de tinta y t\u00f3ner para respetar el medioambiente. Menos impacto ambiental, buena gesti\u00f3n,... s\u00e9 responsable y recicla","robots":{"index":"index","follow":"follow","max-snippet":"max-snippet:-1","max-image-preview":"max-image-preview:large","max-video-preview":"max-video-preview:-1"},"canonical":"https:\/\/rec-line.com\/blog\/motivos-reciclar-cartuchos-toner\/","og_locale":"es_ES","og_type":"article","og_title":"4 motivos por los que reciclar cartuchos y t\u00f3ner - Rec Line","og_description":"\u2705 Reciclar cartuchos de tinta y t\u00f3ner para respetar el medioambiente. Menos impacto ambiental, buena gesti\u00f3n,... s\u00e9 responsable y recicla","og_url":"https:\/\/rec-line.com\/blog\/motivos-reciclar-cartuchos-toner\/","og_site_name":"Rec Line","article_publisher":"https:\/\/www.facebook.com\/reclineespana\/","article_published_time":"2021-08-02T11:46:43+00:00","article_modified_time":"2021-08-02T11:46:45+00:00","og_image":[{"width":1080,"height":683,"url":"https:\/\/rec-line.com\/blog\/wp-content\/uploads\/2021\/08\/reciclar-toner-1.jpeg","type":"image\/jpeg"}],"author":"Rec-Line","twitter_card":"summary_large_image","twitter_creator":"@Rec_line","twitter_site":"@Rec_line","twitter_misc":{"Escrito por":"Rec-Line","Tiempo de lectura":"2 minutos"},"schema":{"@context":"https:\/\/schema.org","@graph":[{"@type":"Article","@id":"https:\/\/rec-line.com\/blog\/motivos-reciclar-cartuchos-toner\/#article","isPartOf":{"@id":"https:\/\/rec-line.com\/blog\/motivos-reciclar-cartuchos-toner\/"},"author":{"name":"Rec-Line","@id":"https:\/\/rec-line.com\/blog\/#\/schema\/person\/051c7981cfdc7794bdecf0fba3ab7999"},"headline":"4 motivos por los que reciclar cartuchos y t\u00f3ner","datePublished":"2021-08-02T11:46:43+00:00","dateModified":"2021-08-02T11:46:45+00:00","mainEntityOfPage":{"@id":"https:\/\/rec-line.com\/blog\/motivos-reciclar-cartuchos-toner\/"},"wordCount":441,"commentCount":0,"publisher":{"@id":"https:\/\/rec-line.com\/blog\/#organization"},"image":{"@id":"https:\/\/rec-line.com\/blog\/motivos-reciclar-cartuchos-toner\/#primaryimage"},"thumbnailUrl":"https:\/\/rec-line.com\/blog\/wp-content\/uploads\/2021\/08\/reciclar-toner-1.jpeg","articleSection":["Rec-line"],"inLanguage":"es","potentialAction":[{"@type":"CommentAction","name":"Comment","target":["https:\/\/rec-line.com\/blog\/motivos-reciclar-cartuchos-toner\/#respond"]}]},{"@type":"WebPage","@id":"https:\/\/rec-line.com\/blog\/motivos-reciclar-cartuchos-toner\/","url":"https:\/\/rec-line.com\/blog\/motivos-reciclar-cartuchos-toner\/","name":"4 motivos por los que reciclar cartuchos y t\u00f3ner - Rec Line","isPartOf":{"@id":"https:\/\/rec-line.com\/blog\/#website"},"primaryImageOfPage":{"@id":"https:\/\/rec-line.com\/blog\/motivos-reciclar-cartuchos-toner\/#primaryimage"},"image":{"@id":"https:\/\/rec-line.com\/blog\/motivos-reciclar-cartuchos-toner\/#primaryimage"},"thumbnailUrl":"https:\/\/rec-line.com\/blog\/wp-content\/uploads\/2021\/08\/reciclar-toner-1.jpeg","datePublished":"2021-08-02T11:46:43+00:00","dateModified":"2021-08-02T11:46:45+00:00","description":"\u2705 Reciclar cartuchos de tinta y t\u00f3ner para respetar el medioambiente. Menos impacto ambiental, buena gesti\u00f3n,... s\u00e9 responsable y recicla","breadcrumb":{"@id":"https:\/\/rec-line.com\/blog\/motivos-reciclar-cartuchos-toner\/#breadcrumb"},"inLanguage":"es","potentialAction":[{"@type":"ReadAction","target":["https:\/\/rec-line.com\/blog\/motivos-reciclar-cartuchos-toner\/"]}]},{"@type":"ImageObject","inLanguage":"es","@id":"https:\/\/rec-line.com\/blog\/motivos-reciclar-cartuchos-toner\/#primaryimage","url":"https:\/\/rec-line.com\/blog\/wp-content\/uploads\/2021\/08\/reciclar-toner-1.jpeg","contentUrl":"https:\/\/rec-line.com\/blog\/wp-content\/uploads\/2021\/08\/reciclar-toner-1.jpeg","width":1080,"height":683,"caption":"motivos reciclar cartucho"},{"@type":"BreadcrumbList","@id":"https:\/\/rec-line.com\/blog\/motivos-reciclar-cartuchos-toner\/#breadcrumb","itemListElement":[{"@type":"ListItem","position":1,"name":"Home","item":"https:\/\/rec-line.com\/blog\/"},{"@type":"ListItem","position":2,"name":"4 motivos por los que reciclar cartuchos y t\u00f3ner"}]},{"@type":"WebSite","@id":"https:\/\/rec-line.com\/blog\/#website","url":"https:\/\/rec-line.com\/blog\/","name":"Rec Line","description":"Rec Line News: El Blog de Novedades Inform\u00e1ticas y Tecnol\u00f3gicas","publisher":{"@id":"https:\/\/rec-line.com\/blog\/#organization"},"potentialAction":[{"@type":"SearchAction","target":{"@type":"EntryPoint","urlTemplate":"https:\/\/rec-line.com\/blog\/?s={search_term_string}"},"query-input":{"@type":"PropertyValueSpecification","valueRequired":true,"valueName":"search_term_string"}}],"inLanguage":"es"},{"@type":"Organization","@id":"https:\/\/rec-line.com\/blog\/#organization","name":"Rec Line","url":"https:\/\/rec-line.com\/blog\/","logo":{"@type":"ImageObject","inLanguage":"es","@id":"https:\/\/rec-line.com\/blog\/#\/schema\/logo\/image\/","url":"https:\/\/rec-line.com\/blog\/wp-content\/uploads\/2019\/09\/logotipo-pantalla.jpg","contentUrl":"https:\/\/rec-line.com\/blog\/wp-content\/uploads\/2019\/09\/logotipo-pantalla.jpg","width":1689,"height":833,"caption":"Rec Line"},"image":{"@id":"https:\/\/rec-line.com\/blog\/#\/schema\/logo\/image\/"},"sameAs":["https:\/\/www.facebook.com\/reclineespana\/","https:\/\/x.com\/Rec_line","https:\/\/www.instagram.com\/recline_es\/","https:\/\/es.linkedin.com\/company\/rec-line","https:\/\/www.youtube.com\/channel\/UCnONbPlFb3eldPVqZhyjUyA"]},{"@type":"Person","@id":"https:\/\/rec-line.com\/blog\/#\/schema\/person\/051c7981cfdc7794bdecf0fba3ab7999","name":"Rec-Line","image":{"@type":"ImageObject","inLanguage":"es","@id":"https:\/\/secure.gravatar.com\/avatar\/9fddcecbddb96b35c6fa86479970e0556e892bde9d70e5e2e1776d2ead016329?s=96&d=mm&r=g","url":"https:\/\/secure.gravatar.com\/avatar\/9fddcecbddb96b35c6fa86479970e0556e892bde9d70e5e2e1776d2ead016329?s=96&d=mm&r=g","contentUrl":"https:\/\/secure.gravatar.com\/avatar\/9fddcecbddb96b35c6fa86479970e0556e892bde9d70e5e2e1776d2ead016329?s=96&d=mm&r=g","caption":"Rec-Line"}}]}},"_links":{"self":[{"href":"https:\/\/rec-line.com\/blog\/wp-json\/wp\/v2\/posts\/862","targetHints":{"allow":["GET"]}}],"collection":[{"href":"https:\/\/rec-line.com\/blog\/wp-json\/wp\/v2\/posts"}],"about":[{"href":"https:\/\/rec-line.com\/blog\/wp-json\/wp\/v2\/types\/post"}],"author":[{"embeddable":true,"href":"https:\/\/rec-line.com\/blog\/wp-json\/wp\/v2\/users\/1"}],"replies":[{"embeddable":true,"href":"https:\/\/rec-line.com\/blog\/wp-json\/wp\/v2\/comments?post=862"}],"version-history":[{"count":2,"href":"https:\/\/rec-line.com\/blog\/wp-json\/wp\/v2\/posts\/862\/revisions"}],"predecessor-version":[{"id":866,"href":"https:\/\/rec-line.com\/blog\/wp-json\/wp\/v2\/posts\/862\/revisions\/866"}],"wp:featuredmedia":[{"embeddable":true,"href":"https:\/\/rec-line.com\/blog\/wp-json\/wp\/v2\/media\/865"}],"wp:attachment":[{"href":"https:\/\/rec-line.com\/blog\/wp-json\/wp\/v2\/media?parent=862"}],"wp:term":[{"taxonomy":"category","embeddable":true,"href":"https:\/\/rec-line.com\/blog\/wp-json\/wp\/v2\/categories?post=862"},{"taxonomy":"post_tag","embeddable":true,"href":"https:\/\/rec-line.com\/blog\/wp-json\/wp\/v2\/tags?post=862"}],"curies":[{"name":"wp","href":"https:\/\/api.w.org\/{rel}","templated":true}]}}