{"id":613,"date":"2020-02-14T19:03:04","date_gmt":"2020-02-14T19:03:04","guid":{"rendered":"http:\/\/rec-line.com\/blog\/?p=613"},"modified":"2020-02-19T13:45:09","modified_gmt":"2020-02-19T13:45:09","slug":"hp-presenta-la-nueva-impresora-hp-officejet-pro","status":"publish","type":"post","link":"https:\/\/rec-line.com\/blog\/hp-presenta-la-nueva-impresora-hp-officejet-pro\/","title":{"rendered":"HP Presenta la nueva impresora HP OfficeJet Pro"},"content":{"rendered":"<p><span style=\"font-weight: 400;\">Las nuevas impresoras <strong>HP OfficeJet Pro<\/strong> han supuesto un salto importante, en cuanto a <\/span><b>nivel de dise\u00f1o<\/b><span style=\"font-weight: 400;\">, pero tambi\u00e9n en cuanto a las <\/span><b>funciones avanzadas<\/b><span style=\"font-weight: 400;\"> que puede desempe\u00f1ar. Las nuevas impresoras han dado paso a unas impresoras m\u00e1s compactas, m\u00e1s eficientes, m\u00e1s productiva y m\u00e1s seguras.\u00a0<\/span><\/p>\n<p><span style=\"font-weight: 400;\">Las nuevas impresoras est\u00e1n pensadas para un p\u00fablico m\u00e1s exigente, que requiere de una impresoras m\u00e1s peque\u00f1a, pero con la misma capacidad que una de tama\u00f1o est\u00e1ndar y es que estas impresoras son un <\/span><b>39% m\u00e1s peque\u00f1as<\/b><span style=\"font-weight: 400;\"> que las de generaciones anteriores. Este modelo adem\u00e1s de ocupar menos espacio es m\u00e1s respetuosa con el medio ambiente.\u00a0<\/span><\/p>\n<p><span style=\"font-weight: 400;\">La <strong>HP OfficeJet Pro<\/strong>, viene acompa\u00f1ada de la aplicaci\u00f3n <\/span><b>HP Smart<\/b><span style=\"font-weight: 400;\">, donde podr\u00e1s manejar todas las tareas inteligentes desde el m\u00f3vil, reduciendo el impacto de las tareas repetitivas del d\u00eda a d\u00eda y poder programarlas desde el m\u00f3vil.\u00a0<\/span><\/p>\n<p><span style=\"font-weight: 400;\">Esta aplicaci\u00f3n de coste cero se puede descargar desde las plataformas digitales, Microsoft Store, Google Play Store, App Store.\u00a0<\/span><\/p>\n<p><span style=\"font-weight: 400;\">La productividad en los centros de trabajo es fundamental para una buena realizaci\u00f3n del trabajo, por lo que, cuantas menos interrupciones de tipo t\u00e9cnico haya, mejor. Las nuevas HP OfficeJet Pro llevan <\/span><b>incluido un sistema de recuperaci\u00f3n autom\u00e1tica de la conexi\u00f3n Wi-F<\/b><span style=\"font-weight: 400;\"><strong>i<\/strong>, por lo que, no tendr\u00e1s que preocuparte por revisar la conexi\u00f3n, estar\u00e1s siempre conectad@.\u00a0<\/span><\/p>\n<p><b>Las funciones de seguridad y protecci\u00f3n<\/b><span style=\"font-weight: 400;\"> son primordiales para el buen funcionamiento de una empresa, as\u00ed te aseguras no perder el trabajo realizado durante horas. Estas impresoras lo han tenido en cuenta y han reforzados las funciones de seguridad, protegiendo tanto la impresora, como los datos y documentos.\u00a0<\/span><\/p>\n<p><span style=\"font-weight: 400;\">Las impresoras <strong>HP OfficeJet Pro<\/strong> han incluido en su formato una pantalla t\u00e1ctil que tiene una interfaz muy sencilla e intuitiva. As\u00ed se podr\u00e1 gestionar m\u00e1s f\u00e1cilmente las diversas funciones que posee la HP.\u00a0<\/span><\/p>\n<p><b>La funci\u00f3n de escanear<\/b><span style=\"font-weight: 400;\"> tambi\u00e9n ha sufrido mejoras y es que ahora es m\u00e1s f\u00e1cil escanear gracias a su esc\u00e1ner de cristal sin bordes. Por si esto fuera poco, tambi\u00e9n tiene un sistema de administraci\u00f3n inteligente de la bandeja de salida, por lo que la gesti\u00f3n de papel mejora.\u00a0<\/span><\/p>\n<p><span style=\"font-weight: 400;\">Adem\u00e1s, puedes <\/span><b>reducir hasta un 70% los costes de impresi\u00f3n de tu PYME<\/b><span style=\"font-weight: 400;\">, ya que viene integrado el servicio de reposici\u00f3n de tinta <\/span><b>HP Instant Ink<\/b><span style=\"font-weight: 400;\">, automatizando el suministro de tinta y permitiendo el reciclaje, ya que se reciclan todos los cartuchos que gastes sin costes a\u00f1adidos.\u00a0<\/span><\/p>\n<p><span style=\"font-weight: 400;\">Esta aplicaci\u00f3n consiste en que la impresora detecta que se est\u00e1 quedando sin tinta y autom\u00e1ticamente hace un pedido, que recibir\u00e1s en el domicilio acordado sin ning\u00fan tipo de coste.\u00a0<\/span><\/p>\n","protected":false},"excerpt":{"rendered":"<p>Las nuevas impresoras HP OfficeJet Pro han supuesto un salto importante, en cuanto a nivel de dise\u00f1o, pero tambi\u00e9n en cuanto a las funciones avanzadas que puede desempe\u00f1ar. Las nuevas impresoras han dado paso a unas impresoras m\u00e1s compactas, m\u00e1s eficientes, m\u00e1s productiva y m\u00e1s seguras.\u00a0 Las nuevas impresoras est\u00e1n [&hellip;]<\/p>\n","protected":false},"author":1,"featured_media":614,"comment_status":"open","ping_status":"open","sticky":false,"template":"","format":"standard","meta":{"footnotes":""},"categories":[1],"tags":[],"class_list":["post-613","post","type-post","status-publish","format-standard","has-post-thumbnail","hentry","category-rec-line"],"yoast_head":"<!-- This site is optimized with the Yoast SEO plugin v27.4 - https:\/\/yoast.com\/product\/yoast-seo-wordpress\/ -->\n<title>HP Presenta la nueva impresora HP OfficeJet Pro - Rec Line<\/title>\n<meta name=\"robots\" content=\"index, follow, max-snippet:-1, max-image-preview:large, max-video-preview:-1\" \/>\n<link rel=\"canonical\" href=\"https:\/\/rec-line.com\/blog\/hp-presenta-la-nueva-impresora-hp-officejet-pro\/\" \/>\n<meta property=\"og:locale\" content=\"es_ES\" \/>\n<meta property=\"og:type\" content=\"article\" \/>\n<meta property=\"og:title\" content=\"HP Presenta la nueva impresora HP OfficeJet Pro - Rec Line\" \/>\n<meta property=\"og:description\" content=\"Las nuevas impresoras HP OfficeJet Pro han supuesto un salto importante, en cuanto a nivel de dise\u00f1o, pero tambi\u00e9n en cuanto a las funciones avanzadas que puede desempe\u00f1ar. Las nuevas impresoras han dado paso a unas impresoras m\u00e1s compactas, m\u00e1s eficientes, m\u00e1s productiva y m\u00e1s seguras.\u00a0 Las nuevas impresoras est\u00e1n [&hellip;]\" \/>\n<meta property=\"og:url\" content=\"https:\/\/rec-line.com\/blog\/hp-presenta-la-nueva-impresora-hp-officejet-pro\/\" \/>\n<meta property=\"og:site_name\" content=\"Rec Line\" \/>\n<meta property=\"article:publisher\" content=\"https:\/\/www.facebook.com\/reclineespana\/\" \/>\n<meta property=\"article:published_time\" content=\"2020-02-14T19:03:04+00:00\" \/>\n<meta property=\"article:modified_time\" content=\"2020-02-19T13:45:09+00:00\" \/>\n<meta property=\"og:image\" content=\"https:\/\/rec-line.com\/blog\/wp-content\/uploads\/2020\/02\/HP-OfficeJet-Pro-9000-26.jpg\" \/>\n\t<meta property=\"og:image:width\" content=\"1000\" \/>\n\t<meta property=\"og:image:height\" content=\"666\" \/>\n\t<meta property=\"og:image:type\" content=\"image\/jpeg\" \/>\n<meta name=\"author\" content=\"Rec-Line\" \/>\n<meta name=\"twitter:card\" content=\"summary_large_image\" \/>\n<meta name=\"twitter:creator\" content=\"@Rec_line\" \/>\n<meta name=\"twitter:site\" content=\"@Rec_line\" \/>\n<meta name=\"twitter:label1\" content=\"Escrito por\" \/>\n\t<meta name=\"twitter:data1\" content=\"Rec-Line\" \/>\n\t<meta name=\"twitter:label2\" content=\"Tiempo de lectura\" \/>\n\t<meta name=\"twitter:data2\" content=\"2 minutos\" \/>\n<script type=\"application\/ld+json\" class=\"yoast-schema-graph\">{\"@context\":\"https:\\\/\\\/schema.org\",\"@graph\":[{\"@type\":\"Article\",\"@id\":\"https:\\\/\\\/rec-line.com\\\/blog\\\/hp-presenta-la-nueva-impresora-hp-officejet-pro\\\/#article\",\"isPartOf\":{\"@id\":\"https:\\\/\\\/rec-line.com\\\/blog\\\/hp-presenta-la-nueva-impresora-hp-officejet-pro\\\/\"},\"author\":{\"name\":\"Rec-Line\",\"@id\":\"https:\\\/\\\/rec-line.com\\\/blog\\\/#\\\/schema\\\/person\\\/051c7981cfdc7794bdecf0fba3ab7999\"},\"headline\":\"HP Presenta la nueva impresora HP OfficeJet Pro\",\"datePublished\":\"2020-02-14T19:03:04+00:00\",\"dateModified\":\"2020-02-19T13:45:09+00:00\",\"mainEntityOfPage\":{\"@id\":\"https:\\\/\\\/rec-line.com\\\/blog\\\/hp-presenta-la-nueva-impresora-hp-officejet-pro\\\/\"},\"wordCount\":484,\"commentCount\":0,\"publisher\":{\"@id\":\"https:\\\/\\\/rec-line.com\\\/blog\\\/#organization\"},\"image\":{\"@id\":\"https:\\\/\\\/rec-line.com\\\/blog\\\/hp-presenta-la-nueva-impresora-hp-officejet-pro\\\/#primaryimage\"},\"thumbnailUrl\":\"https:\\\/\\\/rec-line.com\\\/blog\\\/wp-content\\\/uploads\\\/2020\\\/02\\\/HP-OfficeJet-Pro-9000-26.jpg\",\"articleSection\":[\"Rec-line\"],\"inLanguage\":\"es\",\"potentialAction\":[{\"@type\":\"CommentAction\",\"name\":\"Comment\",\"target\":[\"https:\\\/\\\/rec-line.com\\\/blog\\\/hp-presenta-la-nueva-impresora-hp-officejet-pro\\\/#respond\"]}]},{\"@type\":\"WebPage\",\"@id\":\"https:\\\/\\\/rec-line.com\\\/blog\\\/hp-presenta-la-nueva-impresora-hp-officejet-pro\\\/\",\"url\":\"https:\\\/\\\/rec-line.com\\\/blog\\\/hp-presenta-la-nueva-impresora-hp-officejet-pro\\\/\",\"name\":\"HP Presenta la nueva impresora HP OfficeJet Pro - Rec Line\",\"isPartOf\":{\"@id\":\"https:\\\/\\\/rec-line.com\\\/blog\\\/#website\"},\"primaryImageOfPage\":{\"@id\":\"https:\\\/\\\/rec-line.com\\\/blog\\\/hp-presenta-la-nueva-impresora-hp-officejet-pro\\\/#primaryimage\"},\"image\":{\"@id\":\"https:\\\/\\\/rec-line.com\\\/blog\\\/hp-presenta-la-nueva-impresora-hp-officejet-pro\\\/#primaryimage\"},\"thumbnailUrl\":\"https:\\\/\\\/rec-line.com\\\/blog\\\/wp-content\\\/uploads\\\/2020\\\/02\\\/HP-OfficeJet-Pro-9000-26.jpg\",\"datePublished\":\"2020-02-14T19:03:04+00:00\",\"dateModified\":\"2020-02-19T13:45:09+00:00\",\"breadcrumb\":{\"@id\":\"https:\\\/\\\/rec-line.com\\\/blog\\\/hp-presenta-la-nueva-impresora-hp-officejet-pro\\\/#breadcrumb\"},\"inLanguage\":\"es\",\"potentialAction\":[{\"@type\":\"ReadAction\",\"target\":[\"https:\\\/\\\/rec-line.com\\\/blog\\\/hp-presenta-la-nueva-impresora-hp-officejet-pro\\\/\"]}]},{\"@type\":\"ImageObject\",\"inLanguage\":\"es\",\"@id\":\"https:\\\/\\\/rec-line.com\\\/blog\\\/hp-presenta-la-nueva-impresora-hp-officejet-pro\\\/#primaryimage\",\"url\":\"https:\\\/\\\/rec-line.com\\\/blog\\\/wp-content\\\/uploads\\\/2020\\\/02\\\/HP-OfficeJet-Pro-9000-26.jpg\",\"contentUrl\":\"https:\\\/\\\/rec-line.com\\\/blog\\\/wp-content\\\/uploads\\\/2020\\\/02\\\/HP-OfficeJet-Pro-9000-26.jpg\",\"width\":1000,\"height\":666},{\"@type\":\"BreadcrumbList\",\"@id\":\"https:\\\/\\\/rec-line.com\\\/blog\\\/hp-presenta-la-nueva-impresora-hp-officejet-pro\\\/#breadcrumb\",\"itemListElement\":[{\"@type\":\"ListItem\",\"position\":1,\"name\":\"Home\",\"item\":\"https:\\\/\\\/rec-line.com\\\/blog\\\/\"},{\"@type\":\"ListItem\",\"position\":2,\"name\":\"HP Presenta la nueva impresora HP OfficeJet Pro\"}]},{\"@type\":\"WebSite\",\"@id\":\"https:\\\/\\\/rec-line.com\\\/blog\\\/#website\",\"url\":\"https:\\\/\\\/rec-line.com\\\/blog\\\/\",\"name\":\"Rec Line\",\"description\":\"Rec Line News: El Blog de Novedades Inform\u00e1ticas y Tecnol\u00f3gicas\",\"publisher\":{\"@id\":\"https:\\\/\\\/rec-line.com\\\/blog\\\/#organization\"},\"potentialAction\":[{\"@type\":\"SearchAction\",\"target\":{\"@type\":\"EntryPoint\",\"urlTemplate\":\"https:\\\/\\\/rec-line.com\\\/blog\\\/?s={search_term_string}\"},\"query-input\":{\"@type\":\"PropertyValueSpecification\",\"valueRequired\":true,\"valueName\":\"search_term_string\"}}],\"inLanguage\":\"es\"},{\"@type\":\"Organization\",\"@id\":\"https:\\\/\\\/rec-line.com\\\/blog\\\/#organization\",\"name\":\"Rec Line\",\"url\":\"https:\\\/\\\/rec-line.com\\\/blog\\\/\",\"logo\":{\"@type\":\"ImageObject\",\"inLanguage\":\"es\",\"@id\":\"https:\\\/\\\/rec-line.com\\\/blog\\\/#\\\/schema\\\/logo\\\/image\\\/\",\"url\":\"https:\\\/\\\/rec-line.com\\\/blog\\\/wp-content\\\/uploads\\\/2019\\\/09\\\/logotipo-pantalla.jpg\",\"contentUrl\":\"https:\\\/\\\/rec-line.com\\\/blog\\\/wp-content\\\/uploads\\\/2019\\\/09\\\/logotipo-pantalla.jpg\",\"width\":1689,\"height\":833,\"caption\":\"Rec Line\"},\"image\":{\"@id\":\"https:\\\/\\\/rec-line.com\\\/blog\\\/#\\\/schema\\\/logo\\\/image\\\/\"},\"sameAs\":[\"https:\\\/\\\/www.facebook.com\\\/reclineespana\\\/\",\"https:\\\/\\\/x.com\\\/Rec_line\",\"https:\\\/\\\/www.instagram.com\\\/recline_es\\\/\",\"https:\\\/\\\/es.linkedin.com\\\/company\\\/rec-line\",\"https:\\\/\\\/www.youtube.com\\\/channel\\\/UCnONbPlFb3eldPVqZhyjUyA\"]},{\"@type\":\"Person\",\"@id\":\"https:\\\/\\\/rec-line.com\\\/blog\\\/#\\\/schema\\\/person\\\/051c7981cfdc7794bdecf0fba3ab7999\",\"name\":\"Rec-Line\",\"image\":{\"@type\":\"ImageObject\",\"inLanguage\":\"es\",\"@id\":\"https:\\\/\\\/secure.gravatar.com\\\/avatar\\\/9fddcecbddb96b35c6fa86479970e0556e892bde9d70e5e2e1776d2ead016329?s=96&d=mm&r=g\",\"url\":\"https:\\\/\\\/secure.gravatar.com\\\/avatar\\\/9fddcecbddb96b35c6fa86479970e0556e892bde9d70e5e2e1776d2ead016329?s=96&d=mm&r=g\",\"contentUrl\":\"https:\\\/\\\/secure.gravatar.com\\\/avatar\\\/9fddcecbddb96b35c6fa86479970e0556e892bde9d70e5e2e1776d2ead016329?s=96&d=mm&r=g\",\"caption\":\"Rec-Line\"}}]}<\/script>\n<!-- \/ Yoast SEO plugin. -->","yoast_head_json":{"title":"HP Presenta la nueva impresora HP OfficeJet Pro - Rec Line","robots":{"index":"index","follow":"follow","max-snippet":"max-snippet:-1","max-image-preview":"max-image-preview:large","max-video-preview":"max-video-preview:-1"},"canonical":"https:\/\/rec-line.com\/blog\/hp-presenta-la-nueva-impresora-hp-officejet-pro\/","og_locale":"es_ES","og_type":"article","og_title":"HP Presenta la nueva impresora HP OfficeJet Pro - Rec Line","og_description":"Las nuevas impresoras HP OfficeJet Pro han supuesto un salto importante, en cuanto a nivel de dise\u00f1o, pero tambi\u00e9n en cuanto a las funciones avanzadas que puede desempe\u00f1ar. Las nuevas impresoras han dado paso a unas impresoras m\u00e1s compactas, m\u00e1s eficientes, m\u00e1s productiva y m\u00e1s seguras.\u00a0 Las nuevas impresoras est\u00e1n [&hellip;]","og_url":"https:\/\/rec-line.com\/blog\/hp-presenta-la-nueva-impresora-hp-officejet-pro\/","og_site_name":"Rec Line","article_publisher":"https:\/\/www.facebook.com\/reclineespana\/","article_published_time":"2020-02-14T19:03:04+00:00","article_modified_time":"2020-02-19T13:45:09+00:00","og_image":[{"width":1000,"height":666,"url":"https:\/\/rec-line.com\/blog\/wp-content\/uploads\/2020\/02\/HP-OfficeJet-Pro-9000-26.jpg","type":"image\/jpeg"}],"author":"Rec-Line","twitter_card":"summary_large_image","twitter_creator":"@Rec_line","twitter_site":"@Rec_line","twitter_misc":{"Escrito por":"Rec-Line","Tiempo de lectura":"2 minutos"},"schema":{"@context":"https:\/\/schema.org","@graph":[{"@type":"Article","@id":"https:\/\/rec-line.com\/blog\/hp-presenta-la-nueva-impresora-hp-officejet-pro\/#article","isPartOf":{"@id":"https:\/\/rec-line.com\/blog\/hp-presenta-la-nueva-impresora-hp-officejet-pro\/"},"author":{"name":"Rec-Line","@id":"https:\/\/rec-line.com\/blog\/#\/schema\/person\/051c7981cfdc7794bdecf0fba3ab7999"},"headline":"HP Presenta la nueva impresora HP OfficeJet Pro","datePublished":"2020-02-14T19:03:04+00:00","dateModified":"2020-02-19T13:45:09+00:00","mainEntityOfPage":{"@id":"https:\/\/rec-line.com\/blog\/hp-presenta-la-nueva-impresora-hp-officejet-pro\/"},"wordCount":484,"commentCount":0,"publisher":{"@id":"https:\/\/rec-line.com\/blog\/#organization"},"image":{"@id":"https:\/\/rec-line.com\/blog\/hp-presenta-la-nueva-impresora-hp-officejet-pro\/#primaryimage"},"thumbnailUrl":"https:\/\/rec-line.com\/blog\/wp-content\/uploads\/2020\/02\/HP-OfficeJet-Pro-9000-26.jpg","articleSection":["Rec-line"],"inLanguage":"es","potentialAction":[{"@type":"CommentAction","name":"Comment","target":["https:\/\/rec-line.com\/blog\/hp-presenta-la-nueva-impresora-hp-officejet-pro\/#respond"]}]},{"@type":"WebPage","@id":"https:\/\/rec-line.com\/blog\/hp-presenta-la-nueva-impresora-hp-officejet-pro\/","url":"https:\/\/rec-line.com\/blog\/hp-presenta-la-nueva-impresora-hp-officejet-pro\/","name":"HP Presenta la nueva impresora HP OfficeJet Pro - Rec Line","isPartOf":{"@id":"https:\/\/rec-line.com\/blog\/#website"},"primaryImageOfPage":{"@id":"https:\/\/rec-line.com\/blog\/hp-presenta-la-nueva-impresora-hp-officejet-pro\/#primaryimage"},"image":{"@id":"https:\/\/rec-line.com\/blog\/hp-presenta-la-nueva-impresora-hp-officejet-pro\/#primaryimage"},"thumbnailUrl":"https:\/\/rec-line.com\/blog\/wp-content\/uploads\/2020\/02\/HP-OfficeJet-Pro-9000-26.jpg","datePublished":"2020-02-14T19:03:04+00:00","dateModified":"2020-02-19T13:45:09+00:00","breadcrumb":{"@id":"https:\/\/rec-line.com\/blog\/hp-presenta-la-nueva-impresora-hp-officejet-pro\/#breadcrumb"},"inLanguage":"es","potentialAction":[{"@type":"ReadAction","target":["https:\/\/rec-line.com\/blog\/hp-presenta-la-nueva-impresora-hp-officejet-pro\/"]}]},{"@type":"ImageObject","inLanguage":"es","@id":"https:\/\/rec-line.com\/blog\/hp-presenta-la-nueva-impresora-hp-officejet-pro\/#primaryimage","url":"https:\/\/rec-line.com\/blog\/wp-content\/uploads\/2020\/02\/HP-OfficeJet-Pro-9000-26.jpg","contentUrl":"https:\/\/rec-line.com\/blog\/wp-content\/uploads\/2020\/02\/HP-OfficeJet-Pro-9000-26.jpg","width":1000,"height":666},{"@type":"BreadcrumbList","@id":"https:\/\/rec-line.com\/blog\/hp-presenta-la-nueva-impresora-hp-officejet-pro\/#breadcrumb","itemListElement":[{"@type":"ListItem","position":1,"name":"Home","item":"https:\/\/rec-line.com\/blog\/"},{"@type":"ListItem","position":2,"name":"HP Presenta la nueva impresora HP OfficeJet Pro"}]},{"@type":"WebSite","@id":"https:\/\/rec-line.com\/blog\/#website","url":"https:\/\/rec-line.com\/blog\/","name":"Rec Line","description":"Rec Line News: El Blog de Novedades Inform\u00e1ticas y Tecnol\u00f3gicas","publisher":{"@id":"https:\/\/rec-line.com\/blog\/#organization"},"potentialAction":[{"@type":"SearchAction","target":{"@type":"EntryPoint","urlTemplate":"https:\/\/rec-line.com\/blog\/?s={search_term_string}"},"query-input":{"@type":"PropertyValueSpecification","valueRequired":true,"valueName":"search_term_string"}}],"inLanguage":"es"},{"@type":"Organization","@id":"https:\/\/rec-line.com\/blog\/#organization","name":"Rec Line","url":"https:\/\/rec-line.com\/blog\/","logo":{"@type":"ImageObject","inLanguage":"es","@id":"https:\/\/rec-line.com\/blog\/#\/schema\/logo\/image\/","url":"https:\/\/rec-line.com\/blog\/wp-content\/uploads\/2019\/09\/logotipo-pantalla.jpg","contentUrl":"https:\/\/rec-line.com\/blog\/wp-content\/uploads\/2019\/09\/logotipo-pantalla.jpg","width":1689,"height":833,"caption":"Rec Line"},"image":{"@id":"https:\/\/rec-line.com\/blog\/#\/schema\/logo\/image\/"},"sameAs":["https:\/\/www.facebook.com\/reclineespana\/","https:\/\/x.com\/Rec_line","https:\/\/www.instagram.com\/recline_es\/","https:\/\/es.linkedin.com\/company\/rec-line","https:\/\/www.youtube.com\/channel\/UCnONbPlFb3eldPVqZhyjUyA"]},{"@type":"Person","@id":"https:\/\/rec-line.com\/blog\/#\/schema\/person\/051c7981cfdc7794bdecf0fba3ab7999","name":"Rec-Line","image":{"@type":"ImageObject","inLanguage":"es","@id":"https:\/\/secure.gravatar.com\/avatar\/9fddcecbddb96b35c6fa86479970e0556e892bde9d70e5e2e1776d2ead016329?s=96&d=mm&r=g","url":"https:\/\/secure.gravatar.com\/avatar\/9fddcecbddb96b35c6fa86479970e0556e892bde9d70e5e2e1776d2ead016329?s=96&d=mm&r=g","contentUrl":"https:\/\/secure.gravatar.com\/avatar\/9fddcecbddb96b35c6fa86479970e0556e892bde9d70e5e2e1776d2ead016329?s=96&d=mm&r=g","caption":"Rec-Line"}}]}},"_links":{"self":[{"href":"https:\/\/rec-line.com\/blog\/wp-json\/wp\/v2\/posts\/613","targetHints":{"allow":["GET"]}}],"collection":[{"href":"https:\/\/rec-line.com\/blog\/wp-json\/wp\/v2\/posts"}],"about":[{"href":"https:\/\/rec-line.com\/blog\/wp-json\/wp\/v2\/types\/post"}],"author":[{"embeddable":true,"href":"https:\/\/rec-line.com\/blog\/wp-json\/wp\/v2\/users\/1"}],"replies":[{"embeddable":true,"href":"https:\/\/rec-line.com\/blog\/wp-json\/wp\/v2\/comments?post=613"}],"version-history":[{"count":3,"href":"https:\/\/rec-line.com\/blog\/wp-json\/wp\/v2\/posts\/613\/revisions"}],"predecessor-version":[{"id":620,"href":"https:\/\/rec-line.com\/blog\/wp-json\/wp\/v2\/posts\/613\/revisions\/620"}],"wp:featuredmedia":[{"embeddable":true,"href":"https:\/\/rec-line.com\/blog\/wp-json\/wp\/v2\/media\/614"}],"wp:attachment":[{"href":"https:\/\/rec-line.com\/blog\/wp-json\/wp\/v2\/media?parent=613"}],"wp:term":[{"taxonomy":"category","embeddable":true,"href":"https:\/\/rec-line.com\/blog\/wp-json\/wp\/v2\/categories?post=613"},{"taxonomy":"post_tag","embeddable":true,"href":"https:\/\/rec-line.com\/blog\/wp-json\/wp\/v2\/tags?post=613"}],"curies":[{"name":"wp","href":"https:\/\/api.w.org\/{rel}","templated":true}]}}